{"id":992,"date":"2013-08-30T19:59:56","date_gmt":"2013-08-30T19:59:56","guid":{"rendered":"http:\/\/www.tines-werkstatt.de\/?p=992"},"modified":"2013-08-31T19:31:37","modified_gmt":"2013-08-31T19:31:37","slug":"nach-der-sommerpause","status":"publish","type":"post","link":"https:\/\/www.tines-werkstatt.de\/?p=992","title":{"rendered":"nach der Sommerpause :-)"},"content":{"rendered":"<p>Hallo zusammen,<\/p>\n<p>in diesem Sommer war es nun doch sehr still hier. Nat\u00fcrlich stand die N\u00e4hmaschine nicht ganz still. Ich werde in den n\u00e4chsten Tagen einige Dinge nachtragen. Mal sehn wie der Herbst so wird &#8211; ich hoffe kreativ :-)<\/p>\n<p>lg, Tine ;-)<\/p>\n","protected":false},"excerpt":{"rendered":"<p>Hallo zusammen, in diesem Sommer war es nun doch sehr still hier. Nat\u00fcrlich stand die N\u00e4hmaschine nicht ganz still. Ich werde in den n\u00e4chsten Tagen einige Dinge nachtragen. Mal sehn wie der Herbst so&#46;&#46;&#46;<\/p>\n","protected":false},"author":2,"featured_media":0,"comment_status":"open","ping_status":"closed","sticky":false,"template":"","format":"standard","meta":{"footnotes":""},"categories":[1],"tags":[],"class_list":["post-992","post","type-post","status-publish","format-standard","hentry","category-own"],"_links":{"self":[{"href":"https:\/\/www.tines-werkstatt.de\/index.php?rest_route=\/wp\/v2\/posts\/992"}],"collection":[{"href":"https:\/\/www.tines-werkstatt.de\/index.php?rest_route=\/wp\/v2\/posts"}],"about":[{"href":"https:\/\/www.tines-werkstatt.de\/index.php?rest_route=\/wp\/v2\/types\/post"}],"author":[{"embeddable":true,"href":"https:\/\/www.tines-werkstatt.de\/index.php?rest_route=\/wp\/v2\/users\/2"}],"replies":[{"embeddable":true,"href":"https:\/\/www.tines-werkstatt.de\/index.php?rest_route=%2Fwp%2Fv2%2Fcomments&post=992"}],"version-history":[{"count":3,"href":"https:\/\/www.tines-werkstatt.de\/index.php?rest_route=\/wp\/v2\/posts\/992\/revisions"}],"predecessor-version":[{"id":995,"href":"https:\/\/www.tines-werkstatt.de\/index.php?rest_route=\/wp\/v2\/posts\/992\/revisions\/995"}],"wp:attachment":[{"href":"https:\/\/www.tines-werkstatt.de\/index.php?rest_route=%2Fwp%2Fv2%2Fmedia&parent=992"}],"wp:term":[{"taxonomy":"category","embeddable":true,"href":"https:\/\/www.tines-werkstatt.de\/index.php?rest_route=%2Fwp%2Fv2%2Fcategories&post=992"},{"taxonomy":"post_tag","embeddable":true,"href":"https:\/\/www.tines-werkstatt.de\/index.php?rest_route=%2Fwp%2Fv2%2Ftags&post=992"}],"curies":[{"name":"wp","href":"https:\/\/api.w.org\/{rel}","templated":true}]}}