{"id":977,"date":"2013-04-30T17:17:48","date_gmt":"2013-04-30T17:17:48","guid":{"rendered":"http:\/\/www.tines-werkstatt.de\/?p=977"},"modified":"2020-01-07T16:40:06","modified_gmt":"2020-01-07T16:40:06","slug":"halsschmeichler","status":"publish","type":"post","link":"https:\/\/www.tines-werkstatt.de\/?p=977","title":{"rendered":"Halsschmeichler"},"content":{"rendered":"<p>Da sich der Fr\u00fchling immer noch nicht so richtig durchsetzen kann, habe ich f\u00fcr unseren kleinen Sonnenschein noch 2 Halssocken gen\u00e4ht:<\/p>\n\n\n<div class=\"wp-block-image\"><figure class=\"aligncenter size-large\"><img loading=\"lazy\" decoding=\"async\" width=\"492\" height=\"369\" src=\"https:\/\/www.tines-werkstatt.de\/wp-content\/uploads\/2013\/04\/DSCF2215_klein.jpg\" alt=\"\" class=\"wp-image-978\" srcset=\"https:\/\/www.tines-werkstatt.de\/wp-content\/uploads\/2013\/04\/DSCF2215_klein.jpg 492w, https:\/\/www.tines-werkstatt.de\/wp-content\/uploads\/2013\/04\/DSCF2215_klein-300x225.jpg 300w\" sizes=\"(max-width: 492px) 100vw, 492px\" \/><\/figure><\/div>\n\n\n\n<p>Schnitt ist wieder von <a href=\"http:\/\/www.olilu.de\/2012\/10\/der-schnitt-zur-halssocke\/\" target=\"_blank\" rel=\"noreferrer noopener\">olilu<\/a>. Allen einen sch\u00f6nen Tanz in den Mai!<\/p>\n\n\n\n<p>Bis bald, Tine :-)<\/p>\n","protected":false},"excerpt":{"rendered":"<p>Da sich der Fr\u00fchling immer noch nicht so richtig durchsetzen kann, habe ich f\u00fcr unseren kleinen Sonnenschein noch 2 Halssocken gen\u00e4ht: Schnitt ist wieder von olilu. Allen einen sch\u00f6nen Tanz in den Mai! Bis&#46;&#46;&#46;<\/p>\n","protected":false},"author":2,"featured_media":978,"comment_status":"open","ping_status":"open","sticky":false,"template":"","format":"standard","meta":{"footnotes":""},"categories":[62],"tags":[41,48,8],"class_list":["post-977","post","type-post","status-publish","format-standard","has-post-thumbnail","hentry","category-handmade","tag-kinderkram","tag-kleidung","tag-nahen"],"_links":{"self":[{"href":"https:\/\/www.tines-werkstatt.de\/index.php?rest_route=\/wp\/v2\/posts\/977"}],"collection":[{"href":"https:\/\/www.tines-werkstatt.de\/index.php?rest_route=\/wp\/v2\/posts"}],"about":[{"href":"https:\/\/www.tines-werkstatt.de\/index.php?rest_route=\/wp\/v2\/types\/post"}],"author":[{"embeddable":true,"href":"https:\/\/www.tines-werkstatt.de\/index.php?rest_route=\/wp\/v2\/users\/2"}],"replies":[{"embeddable":true,"href":"https:\/\/www.tines-werkstatt.de\/index.php?rest_route=%2Fwp%2Fv2%2Fcomments&post=977"}],"version-history":[{"count":3,"href":"https:\/\/www.tines-werkstatt.de\/index.php?rest_route=\/wp\/v2\/posts\/977\/revisions"}],"predecessor-version":[{"id":2049,"href":"https:\/\/www.tines-werkstatt.de\/index.php?rest_route=\/wp\/v2\/posts\/977\/revisions\/2049"}],"wp:featuredmedia":[{"embeddable":true,"href":"https:\/\/www.tines-werkstatt.de\/index.php?rest_route=\/wp\/v2\/media\/978"}],"wp:attachment":[{"href":"https:\/\/www.tines-werkstatt.de\/index.php?rest_route=%2Fwp%2Fv2%2Fmedia&parent=977"}],"wp:term":[{"taxonomy":"category","embeddable":true,"href":"https:\/\/www.tines-werkstatt.de\/index.php?rest_route=%2Fwp%2Fv2%2Fcategories&post=977"},{"taxonomy":"post_tag","embeddable":true,"href":"https:\/\/www.tines-werkstatt.de\/index.php?rest_route=%2Fwp%2Fv2%2Ftags&post=977"}],"curies":[{"name":"wp","href":"https:\/\/api.w.org\/{rel}","templated":true}]}}