{"id":917,"date":"2013-02-27T19:00:17","date_gmt":"2013-02-27T19:00:17","guid":{"rendered":"http:\/\/www.tines-werkstatt.de\/?p=917"},"modified":"2022-02-18T18:35:51","modified_gmt":"2022-02-18T18:35:51","slug":"neue-emma-taschen","status":"publish","type":"post","link":"https:\/\/www.tines-werkstatt.de\/?p=917","title":{"rendered":"Neue Emma-Taschen"},"content":{"rendered":"<p>Schon im vergangenen Jahr habe ich mal einem kleinen M\u00e4dchen eine <a title=\"1. Handtasche f\u00fcr ein kleines Fr\u00e4ulein\" href=\"https:\/\/www.tines-werkstatt.de\/?p=723\">Emma-Tasche<\/a> geschenkt. Diese ist laut ihrer Mama immer in Benutzung und ist somit sehr gut angekommen. So habe ich nun nochmal zwei Exemplare gen\u00e4ht &#8211; eins f\u00fcrs T\u00f6chterchen und eines zum Verschenken:<\/p>\n\n\n<figure class=\"wp-block-gallery columns-2 is-cropped wp-block-gallery-1 is-layout-flex wp-block-gallery-is-layout-flex\"><ul class=\"blocks-gallery-grid\"><li class=\"blocks-gallery-item\"><figure><img loading=\"lazy\" decoding=\"async\" width=\"369\" height=\"277\" src=\"https:\/\/www.tines-werkstatt.de\/wp-content\/uploads\/2013\/02\/DSCF2070_klein.jpg\" alt=\"\" data-id=\"918\" data-full-url=\"https:\/\/www.tines-werkstatt.de\/wp-content\/uploads\/2013\/02\/DSCF2070_klein.jpg\" data-link=\"https:\/\/www.tines-werkstatt.de\/?attachment_id=918\" class=\"wp-image-918\" srcset=\"https:\/\/www.tines-werkstatt.de\/wp-content\/uploads\/2013\/02\/DSCF2070_klein.jpg 369w, https:\/\/www.tines-werkstatt.de\/wp-content\/uploads\/2013\/02\/DSCF2070_klein-300x225.jpg 300w\" sizes=\"(max-width: 369px) 100vw, 369px\" \/><\/figure><\/li><li class=\"blocks-gallery-item\"><figure><img loading=\"lazy\" decoding=\"async\" width=\"492\" height=\"369\" src=\"https:\/\/www.tines-werkstatt.de\/wp-content\/uploads\/2013\/02\/DSCF2071_klein.jpg\" alt=\"\" data-id=\"919\" data-full-url=\"https:\/\/www.tines-werkstatt.de\/wp-content\/uploads\/2013\/02\/DSCF2071_klein.jpg\" data-link=\"https:\/\/www.tines-werkstatt.de\/?attachment_id=919\" class=\"wp-image-919\" srcset=\"https:\/\/www.tines-werkstatt.de\/wp-content\/uploads\/2013\/02\/DSCF2071_klein.jpg 492w, https:\/\/www.tines-werkstatt.de\/wp-content\/uploads\/2013\/02\/DSCF2071_klein-300x225.jpg 300w\" sizes=\"(max-width: 492px) 100vw, 492px\" \/><\/figure><\/li><\/ul><\/figure>\n\n\n\n<figure class=\"wp-block-gallery columns-2 is-cropped wp-block-gallery-2 is-layout-flex wp-block-gallery-is-layout-flex\"><ul class=\"blocks-gallery-grid\"><li class=\"blocks-gallery-item\"><figure><img loading=\"lazy\" decoding=\"async\" width=\"492\" height=\"369\" src=\"https:\/\/www.tines-werkstatt.de\/wp-content\/uploads\/2013\/02\/DSCF2072_klein.jpg\" alt=\"\" data-id=\"920\" data-full-url=\"https:\/\/www.tines-werkstatt.de\/wp-content\/uploads\/2013\/02\/DSCF2072_klein.jpg\" data-link=\"https:\/\/www.tines-werkstatt.de\/?attachment_id=920\" class=\"wp-image-920\" srcset=\"https:\/\/www.tines-werkstatt.de\/wp-content\/uploads\/2013\/02\/DSCF2072_klein.jpg 492w, https:\/\/www.tines-werkstatt.de\/wp-content\/uploads\/2013\/02\/DSCF2072_klein-300x225.jpg 300w\" sizes=\"(max-width: 492px) 100vw, 492px\" \/><\/figure><\/li><li class=\"blocks-gallery-item\"><figure><img loading=\"lazy\" decoding=\"async\" width=\"492\" height=\"369\" src=\"https:\/\/www.tines-werkstatt.de\/wp-content\/uploads\/2013\/02\/DSCF2073_klein.jpg\" alt=\"\" data-id=\"921\" data-full-url=\"https:\/\/www.tines-werkstatt.de\/wp-content\/uploads\/2013\/02\/DSCF2073_klein.jpg\" data-link=\"https:\/\/www.tines-werkstatt.de\/?attachment_id=921\" class=\"wp-image-921\" srcset=\"https:\/\/www.tines-werkstatt.de\/wp-content\/uploads\/2013\/02\/DSCF2073_klein.jpg 492w, https:\/\/www.tines-werkstatt.de\/wp-content\/uploads\/2013\/02\/DSCF2073_klein-300x225.jpg 300w\" sizes=\"(max-width: 492px) 100vw, 492px\" \/><\/figure><\/li><\/ul><\/figure>\n\n\n\n<p>Die Tasche ist wirklich schnell gen\u00e4ht und somit mit was f\u00fcr den Feierabend zum Abschalten.<\/p>\n\n\n\n<p>Bis bald, Tine :-)<\/p>\n","protected":false},"excerpt":{"rendered":"<p>Schon im vergangenen Jahr habe ich mal einem kleinen M\u00e4dchen eine Emma-Tasche geschenkt. Diese ist laut ihrer Mama immer in Benutzung und ist somit sehr gut angekommen. So habe ich nun nochmal zwei Exemplare&#46;&#46;&#46;<\/p>\n","protected":false},"author":2,"featured_media":918,"comment_status":"open","ping_status":"open","sticky":false,"template":"","format":"standard","meta":{"footnotes":""},"categories":[62],"tags":[15,21,41,88,8],"class_list":["post-917","post","type-post","status-publish","format-standard","has-post-thumbnail","hentry","category-handmade","tag-geschenke","tag-kinder-tasche","tag-kinderkram","tag-made4girls","tag-nahen"],"_links":{"self":[{"href":"https:\/\/www.tines-werkstatt.de\/index.php?rest_route=\/wp\/v2\/posts\/917"}],"collection":[{"href":"https:\/\/www.tines-werkstatt.de\/index.php?rest_route=\/wp\/v2\/posts"}],"about":[{"href":"https:\/\/www.tines-werkstatt.de\/index.php?rest_route=\/wp\/v2\/types\/post"}],"author":[{"embeddable":true,"href":"https:\/\/www.tines-werkstatt.de\/index.php?rest_route=\/wp\/v2\/users\/2"}],"replies":[{"embeddable":true,"href":"https:\/\/www.tines-werkstatt.de\/index.php?rest_route=%2Fwp%2Fv2%2Fcomments&post=917"}],"version-history":[{"count":9,"href":"https:\/\/www.tines-werkstatt.de\/index.php?rest_route=\/wp\/v2\/posts\/917\/revisions"}],"predecessor-version":[{"id":1902,"href":"https:\/\/www.tines-werkstatt.de\/index.php?rest_route=\/wp\/v2\/posts\/917\/revisions\/1902"}],"wp:featuredmedia":[{"embeddable":true,"href":"https:\/\/www.tines-werkstatt.de\/index.php?rest_route=\/wp\/v2\/media\/918"}],"wp:attachment":[{"href":"https:\/\/www.tines-werkstatt.de\/index.php?rest_route=%2Fwp%2Fv2%2Fmedia&parent=917"}],"wp:term":[{"taxonomy":"category","embeddable":true,"href":"https:\/\/www.tines-werkstatt.de\/index.php?rest_route=%2Fwp%2Fv2%2Fcategories&post=917"},{"taxonomy":"post_tag","embeddable":true,"href":"https:\/\/www.tines-werkstatt.de\/index.php?rest_route=%2Fwp%2Fv2%2Ftags&post=917"}],"curies":[{"name":"wp","href":"https:\/\/api.w.org\/{rel}","templated":true}]}}