{"id":900,"date":"2013-01-06T13:26:52","date_gmt":"2013-01-06T13:26:52","guid":{"rendered":"http:\/\/www.tines-werkstatt.de\/?p=900"},"modified":"2020-01-10T14:13:20","modified_gmt":"2020-01-10T14:13:20","slug":"nachtrag-handmade-weihnachtsgeschenke","status":"publish","type":"post","link":"https:\/\/www.tines-werkstatt.de\/?p=900","title":{"rendered":"Nachtrag: Handmade Weihnachtsgeschenke"},"content":{"rendered":"<p>Mein kleiner Neffe hat zu Weihnachten endlich seine Kita-Tasche bekommen. Seine Mama hatte sich im Vorfeld nat\u00fcrlich f\u00fcr die Farbe gr\u00fcn und f\u00fcr einen kleine Frosch entschieden:<\/p>\n\n\n<figure class=\"wp-block-gallery columns-3 is-cropped wp-block-gallery-1 is-layout-flex wp-block-gallery-is-layout-flex\"><ul class=\"blocks-gallery-grid\"><li class=\"blocks-gallery-item\"><figure><img loading=\"lazy\" decoding=\"async\" width=\"492\" height=\"369\" src=\"https:\/\/www.tines-werkstatt.de\/wp-content\/uploads\/2013\/01\/DSCF1776_klein.jpg\" alt=\"\" data-id=\"902\" data-full-url=\"https:\/\/www.tines-werkstatt.de\/wp-content\/uploads\/2013\/01\/DSCF1776_klein.jpg\" data-link=\"https:\/\/www.tines-werkstatt.de\/?attachment_id=902\" class=\"wp-image-902\" srcset=\"https:\/\/www.tines-werkstatt.de\/wp-content\/uploads\/2013\/01\/DSCF1776_klein.jpg 492w, https:\/\/www.tines-werkstatt.de\/wp-content\/uploads\/2013\/01\/DSCF1776_klein-300x225.jpg 300w\" sizes=\"(max-width: 492px) 100vw, 492px\" \/><\/figure><\/li><li class=\"blocks-gallery-item\"><figure><img loading=\"lazy\" decoding=\"async\" width=\"277\" height=\"369\" src=\"https:\/\/www.tines-werkstatt.de\/wp-content\/uploads\/2013\/01\/DSCF1779_klein.jpg\" alt=\"\" data-id=\"903\" data-full-url=\"https:\/\/www.tines-werkstatt.de\/wp-content\/uploads\/2013\/01\/DSCF1779_klein.jpg\" data-link=\"https:\/\/www.tines-werkstatt.de\/?attachment_id=903\" class=\"wp-image-903\" srcset=\"https:\/\/www.tines-werkstatt.de\/wp-content\/uploads\/2013\/01\/DSCF1779_klein.jpg 277w, https:\/\/www.tines-werkstatt.de\/wp-content\/uploads\/2013\/01\/DSCF1779_klein-225x300.jpg 225w\" sizes=\"(max-width: 277px) 100vw, 277px\" \/><\/figure><\/li><li class=\"blocks-gallery-item\"><figure><img loading=\"lazy\" decoding=\"async\" width=\"492\" height=\"369\" src=\"https:\/\/www.tines-werkstatt.de\/wp-content\/uploads\/2013\/01\/DSCF1775_b_klein.jpg\" alt=\"\" data-id=\"901\" data-full-url=\"https:\/\/www.tines-werkstatt.de\/wp-content\/uploads\/2013\/01\/DSCF1775_b_klein.jpg\" data-link=\"https:\/\/www.tines-werkstatt.de\/?attachment_id=901\" class=\"wp-image-901\" srcset=\"https:\/\/www.tines-werkstatt.de\/wp-content\/uploads\/2013\/01\/DSCF1775_b_klein.jpg 492w, https:\/\/www.tines-werkstatt.de\/wp-content\/uploads\/2013\/01\/DSCF1775_b_klein-300x225.jpg 300w\" sizes=\"(max-width: 492px) 100vw, 492px\" \/><\/figure><\/li><\/ul><\/figure>\n\n\n\n<p>Die Tasche selbst ist mein selbstentworfener Schnitt von <a rel=\"noreferrer noopener\" href=\"https:\/\/www.tines-werkstatt.de\/?p=375\" target=\"_blank\">hier<\/a>. Die Vorlage f\u00fcr den Frosch ist aus der Zeitschrift &#8222;Patchwork Spezial 2\/2012&#8220;. Hier sind f\u00fcr eine Patchworkdecke viele sch\u00f6ne Motive drin (Fr\u00f6sche, Schildkr\u00f6te, Libelle etc) Erstmals habe ich nun auch den Trageriemen verstellbar hinbekommen. Mal schauen, ob sich meine Methode bew\u00e4hrt.<\/p>\n\n\n\n<p>Zudem sollte mein Neffe nat\u00fcrlich auch eine H\u00fclle f\u00fcr sein U-Heft  bekommen. Analog der f\u00fcrs T\u00f6chterchen gab es f\u00fcr ihn ein \u00e4hnliches  Exemplar in gr\u00fcn &#8211; was sonst :-) <\/p>\n\n\n\n<figure class=\"wp-block-gallery columns-2 is-cropped wp-block-gallery-2 is-layout-flex wp-block-gallery-is-layout-flex\"><ul class=\"blocks-gallery-grid\"><li class=\"blocks-gallery-item\"><figure><img loading=\"lazy\" decoding=\"async\" width=\"492\" height=\"369\" src=\"https:\/\/www.tines-werkstatt.de\/wp-content\/uploads\/2013\/01\/DSCF1777_b_klein.jpg\" alt=\"\" data-id=\"904\" data-full-url=\"https:\/\/www.tines-werkstatt.de\/wp-content\/uploads\/2013\/01\/DSCF1777_b_klein.jpg\" data-link=\"https:\/\/www.tines-werkstatt.de\/?attachment_id=904\" class=\"wp-image-904\" srcset=\"https:\/\/www.tines-werkstatt.de\/wp-content\/uploads\/2013\/01\/DSCF1777_b_klein.jpg 492w, https:\/\/www.tines-werkstatt.de\/wp-content\/uploads\/2013\/01\/DSCF1777_b_klein-300x225.jpg 300w\" sizes=\"(max-width: 492px) 100vw, 492px\" \/><\/figure><\/li><li class=\"blocks-gallery-item\"><figure><img loading=\"lazy\" decoding=\"async\" width=\"492\" height=\"369\" src=\"https:\/\/www.tines-werkstatt.de\/wp-content\/uploads\/2013\/01\/DSCF1778_b_klein.jpg\" alt=\"\" data-id=\"905\" data-full-url=\"https:\/\/www.tines-werkstatt.de\/wp-content\/uploads\/2013\/01\/DSCF1778_b_klein.jpg\" data-link=\"https:\/\/www.tines-werkstatt.de\/?attachment_id=905\" class=\"wp-image-905\" srcset=\"https:\/\/www.tines-werkstatt.de\/wp-content\/uploads\/2013\/01\/DSCF1778_b_klein.jpg 492w, https:\/\/www.tines-werkstatt.de\/wp-content\/uploads\/2013\/01\/DSCF1778_b_klein-300x225.jpg 300w\" sizes=\"(max-width: 492px) 100vw, 492px\" \/><\/figure><\/li><\/ul><\/figure>\n\n\n\n<figure class=\"wp-block-gallery columns-3 is-cropped wp-block-gallery-3 is-layout-flex wp-block-gallery-is-layout-flex\"><ul class=\"blocks-gallery-grid\"><li class=\"blocks-gallery-item\"><figure><a href=\"https:\/\/www.tines-werkstatt.de\/wp-content\/uploads\/2013\/01\/DSCF1777_b_klein.jpg\"><img loading=\"lazy\" decoding=\"async\" width=\"492\" height=\"369\" src=\"https:\/\/www.tines-werkstatt.de\/wp-content\/uploads\/2013\/01\/DSCF1777_b_klein.jpg\" alt=\"\" data-id=\"904\" class=\"wp-image-904\" srcset=\"https:\/\/www.tines-werkstatt.de\/wp-content\/uploads\/2013\/01\/DSCF1777_b_klein.jpg 492w, https:\/\/www.tines-werkstatt.de\/wp-content\/uploads\/2013\/01\/DSCF1777_b_klein-300x225.jpg 300w\" sizes=\"(max-width: 492px) 100vw, 492px\" \/><\/a><\/figure><\/li><li class=\"blocks-gallery-item\"><figure><a href=\"https:\/\/www.tines-werkstatt.de\/wp-content\/uploads\/2013\/01\/DSCF1778_b_klein.jpg\"><img loading=\"lazy\" decoding=\"async\" width=\"492\" height=\"369\" src=\"https:\/\/www.tines-werkstatt.de\/wp-content\/uploads\/2013\/01\/DSCF1778_b_klein.jpg\" alt=\"\" data-id=\"905\" class=\"wp-image-905\" srcset=\"https:\/\/www.tines-werkstatt.de\/wp-content\/uploads\/2013\/01\/DSCF1778_b_klein.jpg 492w, https:\/\/www.tines-werkstatt.de\/wp-content\/uploads\/2013\/01\/DSCF1778_b_klein-300x225.jpg 300w\" sizes=\"(max-width: 492px) 100vw, 492px\" \/><\/a><\/figure><\/li><\/ul><\/figure>\n\n\n\n<p>Ich w\u00fcnsche Euch noch ein sch\u00f6nes Wochenende und hoffe das es nicht \u00fcberall so tr\u00fcb und nass ist wie hier in Jena.<\/p>\n\n\n\n<p>Bis bald, Tine :-)<\/p>\n","protected":false},"excerpt":{"rendered":"<p>Mein kleiner Neffe hat zu Weihnachten endlich seine Kita-Tasche bekommen. Seine Mama hatte sich im Vorfeld nat\u00fcrlich f\u00fcr die Farbe gr\u00fcn und f\u00fcr einen kleine Frosch entschieden: Die Tasche selbst ist mein selbstentworfener Schnitt&#46;&#46;&#46;<\/p>\n","protected":false},"author":2,"featured_media":901,"comment_status":"open","ping_status":"open","sticky":false,"template":"","format":"standard","meta":{"footnotes":""},"categories":[62],"tags":[15,21,41,8],"class_list":["post-900","post","type-post","status-publish","format-standard","has-post-thumbnail","hentry","category-handmade","tag-geschenke","tag-kinder-tasche","tag-kinderkram","tag-nahen"],"_links":{"self":[{"href":"https:\/\/www.tines-werkstatt.de\/index.php?rest_route=\/wp\/v2\/posts\/900"}],"collection":[{"href":"https:\/\/www.tines-werkstatt.de\/index.php?rest_route=\/wp\/v2\/posts"}],"about":[{"href":"https:\/\/www.tines-werkstatt.de\/index.php?rest_route=\/wp\/v2\/types\/post"}],"author":[{"embeddable":true,"href":"https:\/\/www.tines-werkstatt.de\/index.php?rest_route=\/wp\/v2\/users\/2"}],"replies":[{"embeddable":true,"href":"https:\/\/www.tines-werkstatt.de\/index.php?rest_route=%2Fwp%2Fv2%2Fcomments&post=900"}],"version-history":[{"count":7,"href":"https:\/\/www.tines-werkstatt.de\/index.php?rest_route=\/wp\/v2\/posts\/900\/revisions"}],"predecessor-version":[{"id":2053,"href":"https:\/\/www.tines-werkstatt.de\/index.php?rest_route=\/wp\/v2\/posts\/900\/revisions\/2053"}],"wp:featuredmedia":[{"embeddable":true,"href":"https:\/\/www.tines-werkstatt.de\/index.php?rest_route=\/wp\/v2\/media\/901"}],"wp:attachment":[{"href":"https:\/\/www.tines-werkstatt.de\/index.php?rest_route=%2Fwp%2Fv2%2Fmedia&parent=900"}],"wp:term":[{"taxonomy":"category","embeddable":true,"href":"https:\/\/www.tines-werkstatt.de\/index.php?rest_route=%2Fwp%2Fv2%2Fcategories&post=900"},{"taxonomy":"post_tag","embeddable":true,"href":"https:\/\/www.tines-werkstatt.de\/index.php?rest_route=%2Fwp%2Fv2%2Ftags&post=900"}],"curies":[{"name":"wp","href":"https:\/\/api.w.org\/{rel}","templated":true}]}}