{"id":898,"date":"2013-01-06T13:16:36","date_gmt":"2013-01-06T13:16:36","guid":{"rendered":"http:\/\/www.tines-werkstatt.de\/?p=898"},"modified":"2013-01-06T13:16:36","modified_gmt":"2013-01-06T13:16:36","slug":"alles-gute-fur-2013","status":"publish","type":"post","link":"https:\/\/www.tines-werkstatt.de\/?p=898","title":{"rendered":"Alles Gute f\u00fcr 2013!"},"content":{"rendered":"<p style=\"text-align: center;\">Ich w\u00fcnsche allen meinen Blog-Lesern alles Gute f\u00fcr 2013! F\u00fcr alle Kreativen unter Euch: immer genug Zeit die vielen kreativen Ideen umzusetzen :-)<\/p>\n<p style=\"text-align: center;\">Auch wenn bei uns kein Winterwetter war, hatten wir eine sch\u00f6ne Weihnachtszeit. Wie eigentlich jedes Jahr auch etwas zu stressig &#8211; aber das geh\u00f6rt anscheinend doch auch dazu. Da wir nun beide seit Oktober wieder arbeiten ist es hier im Blog sehr still geworden. Die guten Vors\u00e4tze f\u00fcr 2013 stehen nat\u00fcrlich und so hoffe ich, dass ich bald wieder mehr bloggen kann.<br \/>\nBis bald, Tine :-)<\/p>\n","protected":false},"excerpt":{"rendered":"<p>Ich w\u00fcnsche allen meinen Blog-Lesern alles Gute f\u00fcr 2013! F\u00fcr alle Kreativen unter Euch: immer genug Zeit die vielen kreativen Ideen umzusetzen :-) Auch wenn bei uns kein Winterwetter war, hatten wir eine sch\u00f6ne&#46;&#46;&#46;<\/p>\n","protected":false},"author":2,"featured_media":0,"comment_status":"open","ping_status":"open","sticky":false,"template":"","format":"standard","meta":{"footnotes":""},"categories":[1],"tags":[],"class_list":["post-898","post","type-post","status-publish","format-standard","hentry","category-own"],"_links":{"self":[{"href":"https:\/\/www.tines-werkstatt.de\/index.php?rest_route=\/wp\/v2\/posts\/898"}],"collection":[{"href":"https:\/\/www.tines-werkstatt.de\/index.php?rest_route=\/wp\/v2\/posts"}],"about":[{"href":"https:\/\/www.tines-werkstatt.de\/index.php?rest_route=\/wp\/v2\/types\/post"}],"author":[{"embeddable":true,"href":"https:\/\/www.tines-werkstatt.de\/index.php?rest_route=\/wp\/v2\/users\/2"}],"replies":[{"embeddable":true,"href":"https:\/\/www.tines-werkstatt.de\/index.php?rest_route=%2Fwp%2Fv2%2Fcomments&post=898"}],"version-history":[{"count":1,"href":"https:\/\/www.tines-werkstatt.de\/index.php?rest_route=\/wp\/v2\/posts\/898\/revisions"}],"predecessor-version":[{"id":899,"href":"https:\/\/www.tines-werkstatt.de\/index.php?rest_route=\/wp\/v2\/posts\/898\/revisions\/899"}],"wp:attachment":[{"href":"https:\/\/www.tines-werkstatt.de\/index.php?rest_route=%2Fwp%2Fv2%2Fmedia&parent=898"}],"wp:term":[{"taxonomy":"category","embeddable":true,"href":"https:\/\/www.tines-werkstatt.de\/index.php?rest_route=%2Fwp%2Fv2%2Fcategories&post=898"},{"taxonomy":"post_tag","embeddable":true,"href":"https:\/\/www.tines-werkstatt.de\/index.php?rest_route=%2Fwp%2Fv2%2Ftags&post=898"}],"curies":[{"name":"wp","href":"https:\/\/api.w.org\/{rel}","templated":true}]}}