{"id":891,"date":"2012-11-25T19:35:45","date_gmt":"2012-11-25T19:35:45","guid":{"rendered":"http:\/\/www.tines-werkstatt.de\/?p=891"},"modified":"2012-11-25T19:38:43","modified_gmt":"2012-11-25T19:38:43","slug":"mannelwecken","status":"publish","type":"post","link":"https:\/\/www.tines-werkstatt.de\/?p=891","title":{"rendered":"M\u00e4nnelwecken"},"content":{"rendered":"<p>So, in den letzten 4 Artikeln habe ich Euch nun meine N\u00e4hergebnisse aus den letzten Wochen pr\u00e4sentiert. Mehr ist in meiner neuer Rolle &#8222;voll-berufst\u00e4tige Mami&#8220; leider nicht drin. F\u00fcr Weihnachten soll es noch ein paar Dinge geben, aber die kann ich Euch heute nat\u00fcrlich noch nicht pr\u00e4sentieren :-)<\/p>\n<p>Was hat es mit der \u00dcberschrift auf sich? Tja heute ist M\u00e4nnelwecken. Wer aus dem Erzgebirge kommt oder mit den dortigen Br\u00e4uchen etwas bekannt ist, kennt diesen Brauch sicherlich. Die Weihnachtsfiguren wie R\u00e4uchermann, Pyramide und Engel &amp; Bergmann werden &#8222;aufgeweckt&#8220;, gereinigt und aufgestellt. Sp\u00e4testens am Samstag vor dem ersten 1.Advent soll ja alles fertig sein. Wir sind gro\u00dfe Fans vom <em>Arzgebirg<\/em> und so haben wir heute angefangen die Schachteln vom Boden zu holen. Die ersten Figuren stehen schon und in der anstehenden Woche werden es noch mehr :-) In diesem Sinne w\u00fcnsche ich Euch allen noch einen sch\u00f6nen Restsonntag und eine sch\u00f6ne Woche!<\/p>\n<p>Bis bald, Tine :-)<\/p>\n","protected":false},"excerpt":{"rendered":"<p>So, in den letzten 4 Artikeln habe ich Euch nun meine N\u00e4hergebnisse aus den letzten Wochen pr\u00e4sentiert. Mehr ist in meiner neuer Rolle &#8222;voll-berufst\u00e4tige Mami&#8220; leider nicht drin. F\u00fcr Weihnachten soll es noch ein&#46;&#46;&#46;<\/p>\n","protected":false},"author":2,"featured_media":0,"comment_status":"open","ping_status":"open","sticky":false,"template":"","format":"standard","meta":{"footnotes":""},"categories":[1],"tags":[],"class_list":["post-891","post","type-post","status-publish","format-standard","hentry","category-own"],"_links":{"self":[{"href":"https:\/\/www.tines-werkstatt.de\/index.php?rest_route=\/wp\/v2\/posts\/891"}],"collection":[{"href":"https:\/\/www.tines-werkstatt.de\/index.php?rest_route=\/wp\/v2\/posts"}],"about":[{"href":"https:\/\/www.tines-werkstatt.de\/index.php?rest_route=\/wp\/v2\/types\/post"}],"author":[{"embeddable":true,"href":"https:\/\/www.tines-werkstatt.de\/index.php?rest_route=\/wp\/v2\/users\/2"}],"replies":[{"embeddable":true,"href":"https:\/\/www.tines-werkstatt.de\/index.php?rest_route=%2Fwp%2Fv2%2Fcomments&post=891"}],"version-history":[{"count":4,"href":"https:\/\/www.tines-werkstatt.de\/index.php?rest_route=\/wp\/v2\/posts\/891\/revisions"}],"predecessor-version":[{"id":894,"href":"https:\/\/www.tines-werkstatt.de\/index.php?rest_route=\/wp\/v2\/posts\/891\/revisions\/894"}],"wp:attachment":[{"href":"https:\/\/www.tines-werkstatt.de\/index.php?rest_route=%2Fwp%2Fv2%2Fmedia&parent=891"}],"wp:term":[{"taxonomy":"category","embeddable":true,"href":"https:\/\/www.tines-werkstatt.de\/index.php?rest_route=%2Fwp%2Fv2%2Fcategories&post=891"},{"taxonomy":"post_tag","embeddable":true,"href":"https:\/\/www.tines-werkstatt.de\/index.php?rest_route=%2Fwp%2Fv2%2Ftags&post=891"}],"curies":[{"name":"wp","href":"https:\/\/api.w.org\/{rel}","templated":true}]}}