{"id":878,"date":"2012-11-25T19:21:43","date_gmt":"2012-11-25T19:21:43","guid":{"rendered":"http:\/\/www.tines-werkstatt.de\/?p=878"},"modified":"2022-02-18T18:28:50","modified_gmt":"2022-02-18T18:28:50","slug":"hulle-fur-den-portfolio-ordner","status":"publish","type":"post","link":"https:\/\/www.tines-werkstatt.de\/?p=878","title":{"rendered":"H\u00fclle f\u00fcr den Portfolio-Ordner"},"content":{"rendered":"<p>Wer sein Kind in Th\u00fcringen in die Betreuung gibt, kennt das Wort Portfolio-Ordner sicherlich. Ich kenne es seit unserem ersten Elternabend nun auch und finde es schrecklich. Erinnerungsmappe ist viel sch\u00f6ner und passender. Aber das QM des Tr\u00e4gers schreibt&#8217;s halt so vor. Wir Eltern wurden aufgefordert, den ersten Ordner f\u00fcrs Kind zu dekorieren &#8211; das muss bei uns nat\u00fcrlich aus Stoff sein :-) Ich dachte erst an Bekleben mit Stoff &#8211; fand dann <a href=\"http:\/\/ruelliswelt.blogspot.de\/\" target=\"_blank\" rel=\"noopener noreferrer\">hier<\/a> aber die viel sch\u00f6nere Idee:<\/p>\n\n\n<figure class=\"wp-block-gallery columns-3 is-cropped wp-block-gallery-1 is-layout-flex wp-block-gallery-is-layout-flex\"><ul class=\"blocks-gallery-grid\"><li class=\"blocks-gallery-item\"><figure><img loading=\"lazy\" decoding=\"async\" width=\"492\" height=\"369\" src=\"https:\/\/www.tines-werkstatt.de\/wp-content\/uploads\/2012\/11\/DSCF1711_klein.jpg\" alt=\"\" data-id=\"881\" data-full-url=\"https:\/\/www.tines-werkstatt.de\/wp-content\/uploads\/2012\/11\/DSCF1711_klein.jpg\" data-link=\"https:\/\/www.tines-werkstatt.de\/?attachment_id=881\" class=\"wp-image-881\" srcset=\"https:\/\/www.tines-werkstatt.de\/wp-content\/uploads\/2012\/11\/DSCF1711_klein.jpg 492w, https:\/\/www.tines-werkstatt.de\/wp-content\/uploads\/2012\/11\/DSCF1711_klein-300x225.jpg 300w\" sizes=\"(max-width: 492px) 100vw, 492px\" \/><\/figure><\/li><li class=\"blocks-gallery-item\"><figure><img loading=\"lazy\" decoding=\"async\" width=\"369\" height=\"492\" src=\"https:\/\/www.tines-werkstatt.de\/wp-content\/uploads\/2012\/11\/DSCF1709_klein-e1353871222387.jpg\" alt=\"\" data-id=\"880\" data-full-url=\"https:\/\/www.tines-werkstatt.de\/wp-content\/uploads\/2012\/11\/DSCF1709_klein-e1353871222387.jpg\" data-link=\"https:\/\/www.tines-werkstatt.de\/?attachment_id=880\" class=\"wp-image-880\" srcset=\"https:\/\/www.tines-werkstatt.de\/wp-content\/uploads\/2012\/11\/DSCF1709_klein-e1353871222387.jpg 369w, https:\/\/www.tines-werkstatt.de\/wp-content\/uploads\/2012\/11\/DSCF1709_klein-e1353871222387-225x300.jpg 225w\" sizes=\"(max-width: 369px) 100vw, 369px\" \/><\/figure><\/li><li class=\"blocks-gallery-item\"><figure><img loading=\"lazy\" decoding=\"async\" width=\"277\" height=\"369\" src=\"https:\/\/www.tines-werkstatt.de\/wp-content\/uploads\/2012\/11\/DSCF1708_klein.jpg\" alt=\"\" data-id=\"879\" data-full-url=\"https:\/\/www.tines-werkstatt.de\/wp-content\/uploads\/2012\/11\/DSCF1708_klein.jpg\" data-link=\"https:\/\/www.tines-werkstatt.de\/?attachment_id=879\" class=\"wp-image-879\" srcset=\"https:\/\/www.tines-werkstatt.de\/wp-content\/uploads\/2012\/11\/DSCF1708_klein.jpg 277w, https:\/\/www.tines-werkstatt.de\/wp-content\/uploads\/2012\/11\/DSCF1708_klein-225x300.jpg 225w\" sizes=\"(max-width: 277px) 100vw, 277px\" \/><\/figure><\/li><\/ul><\/figure>\n\n\n\n<p>Die Stickdatei ist wieder aus der Serie &#8222;girls &amp; friends&#8220; von Kunterbunt-Design und diesmal konnte ich endlich auch mal die gro\u00dfen Motive einsetzen. Basis ist wie bei r\u00fclliswelt das Freebook Schulheft-H\u00fclle von <a href=\"http:\/\/www.farbenmix.de\/shop\/Kreative-FREEbooks\/Schulheft-Huelle-Kreativ-Ebook-als-Geschenk::9199.html\" target=\"_blank\" rel=\"noreferrer noopener\">farbenmix<\/a>. Wenn ich nochmal eine solche H\u00fclle n\u00e4he, werde ich den einfachen Baumwollstoff jedoch etwas verst\u00e4rken. Unser Kind hat jedenfalls gestrahlt, als ich ihn ihr vorgef\u00fchrt habe. Das freut mein Mami-Herz. Nun m\u00fcssen wir noch die ersten 3 Seiten f\u00fcllen und k\u00f6nnen endlich unserer erste Hausaufgabe abgeben.<\/p>\n\n\n\n<p>Bis bald, Tine :-)<\/p>\n","protected":false},"excerpt":{"rendered":"<p>Wer sein Kind in Th\u00fcringen in die Betreuung gibt, kennt das Wort Portfolio-Ordner sicherlich. Ich kenne es seit unserem ersten Elternabend nun auch und finde es schrecklich. Erinnerungsmappe ist viel sch\u00f6ner und passender. Aber&#46;&#46;&#46;<\/p>\n","protected":false},"author":2,"featured_media":881,"comment_status":"open","ping_status":"open","sticky":false,"template":"","format":"standard","meta":{"footnotes":""},"categories":[62],"tags":[41,88,8,49,43],"class_list":["post-878","post","type-post","status-publish","format-standard","has-post-thumbnail","hentry","category-handmade","tag-kinderkram","tag-made4girls","tag-nahen","tag-ordnerhullen","tag-sticken"],"_links":{"self":[{"href":"https:\/\/www.tines-werkstatt.de\/index.php?rest_route=\/wp\/v2\/posts\/878"}],"collection":[{"href":"https:\/\/www.tines-werkstatt.de\/index.php?rest_route=\/wp\/v2\/posts"}],"about":[{"href":"https:\/\/www.tines-werkstatt.de\/index.php?rest_route=\/wp\/v2\/types\/post"}],"author":[{"embeddable":true,"href":"https:\/\/www.tines-werkstatt.de\/index.php?rest_route=\/wp\/v2\/users\/2"}],"replies":[{"embeddable":true,"href":"https:\/\/www.tines-werkstatt.de\/index.php?rest_route=%2Fwp%2Fv2%2Fcomments&post=878"}],"version-history":[{"count":4,"href":"https:\/\/www.tines-werkstatt.de\/index.php?rest_route=\/wp\/v2\/posts\/878\/revisions"}],"predecessor-version":[{"id":1965,"href":"https:\/\/www.tines-werkstatt.de\/index.php?rest_route=\/wp\/v2\/posts\/878\/revisions\/1965"}],"wp:featuredmedia":[{"embeddable":true,"href":"https:\/\/www.tines-werkstatt.de\/index.php?rest_route=\/wp\/v2\/media\/881"}],"wp:attachment":[{"href":"https:\/\/www.tines-werkstatt.de\/index.php?rest_route=%2Fwp%2Fv2%2Fmedia&parent=878"}],"wp:term":[{"taxonomy":"category","embeddable":true,"href":"https:\/\/www.tines-werkstatt.de\/index.php?rest_route=%2Fwp%2Fv2%2Fcategories&post=878"},{"taxonomy":"post_tag","embeddable":true,"href":"https:\/\/www.tines-werkstatt.de\/index.php?rest_route=%2Fwp%2Fv2%2Ftags&post=878"}],"curies":[{"name":"wp","href":"https:\/\/api.w.org\/{rel}","templated":true}]}}