{"id":87,"date":"2010-12-05T20:46:02","date_gmt":"2010-12-05T20:46:02","guid":{"rendered":"http:\/\/www.tines-werkstatt.de\/wordpress\/?p=87"},"modified":"2019-01-07T19:36:13","modified_gmt":"2019-01-07T19:36:13","slug":"probestuck","status":"publish","type":"post","link":"https:\/\/www.tines-werkstatt.de\/?p=87","title":{"rendered":"Probest\u00fcck"},"content":{"rendered":"<p>Die wirklich allererste Tasche aus Tines-Werkstatt. Das Probest\u00fcck f\u00fcr den Schnitt und das Anbringen von Druckkn\u00f6pfen. Das ist n\u00e4mlich weitaus schwieriger, als ich bisher vermutet habe. Aber Dank tatkr\u00e4ftiger Unterst\u00fctzung hat es doch noch geklappt :-)<\/p>\n<p><a href=\"https:\/\/www.tines-werkstatt.de\/wp-content\/uploads\/2010\/12\/DSC02041_klein.jpg\"><img loading=\"lazy\" decoding=\"async\" width=\"492\" height=\"369\" title=\"Tasche No. 1\" class=\"alignnone size-full wp-image-78\" alt=\"\" src=\"https:\/\/www.tines-werkstatt.de\/wp-content\/uploads\/2010\/12\/DSC02041_klein.jpg\" srcset=\"https:\/\/www.tines-werkstatt.de\/wp-content\/uploads\/2010\/12\/DSC02041_klein.jpg 492w, https:\/\/www.tines-werkstatt.de\/wp-content\/uploads\/2010\/12\/DSC02041_klein-300x225.jpg 300w\" sizes=\"(max-width: 492px) 100vw, 492px\" \/><\/a><\/p>\n<p><a href=\"https:\/\/www.tines-werkstatt.de\/wp-content\/uploads\/2010\/12\/DSC02040_klein.jpg\"><img loading=\"lazy\" decoding=\"async\" width=\"492\" height=\"369\" title=\"Tasche No. 1\" class=\"alignnone size-full wp-image-77\" alt=\"\" src=\"https:\/\/www.tines-werkstatt.de\/wp-content\/uploads\/2010\/12\/DSC02040_klein.jpg\" srcset=\"https:\/\/www.tines-werkstatt.de\/wp-content\/uploads\/2010\/12\/DSC02040_klein.jpg 492w, https:\/\/www.tines-werkstatt.de\/wp-content\/uploads\/2010\/12\/DSC02040_klein-300x225.jpg 300w\" sizes=\"(max-width: 492px) 100vw, 492px\" \/><\/a><\/p>\n","protected":false},"excerpt":{"rendered":"<p>Die wirklich allererste Tasche aus Tines-Werkstatt. Das Probest\u00fcck f\u00fcr den Schnitt und das Anbringen von Druckkn\u00f6pfen. Das ist n\u00e4mlich weitaus schwieriger, als ich bisher vermutet habe. Aber Dank tatkr\u00e4ftiger Unterst\u00fctzung hat es doch noch&#46;&#46;&#46;<\/p>\n","protected":false},"author":2,"featured_media":78,"comment_status":"open","ping_status":"open","sticky":false,"template":"","format":"standard","meta":{"footnotes":""},"categories":[62],"tags":[20,8,10],"class_list":["post-87","post","type-post","status-publish","format-standard","has-post-thumbnail","hentry","category-handmade","tag-mini-tasche","tag-nahen","tag-tasche"],"_links":{"self":[{"href":"https:\/\/www.tines-werkstatt.de\/index.php?rest_route=\/wp\/v2\/posts\/87"}],"collection":[{"href":"https:\/\/www.tines-werkstatt.de\/index.php?rest_route=\/wp\/v2\/posts"}],"about":[{"href":"https:\/\/www.tines-werkstatt.de\/index.php?rest_route=\/wp\/v2\/types\/post"}],"author":[{"embeddable":true,"href":"https:\/\/www.tines-werkstatt.de\/index.php?rest_route=\/wp\/v2\/users\/2"}],"replies":[{"embeddable":true,"href":"https:\/\/www.tines-werkstatt.de\/index.php?rest_route=%2Fwp%2Fv2%2Fcomments&post=87"}],"version-history":[{"count":9,"href":"https:\/\/www.tines-werkstatt.de\/index.php?rest_route=\/wp\/v2\/posts\/87\/revisions"}],"predecessor-version":[{"id":1744,"href":"https:\/\/www.tines-werkstatt.de\/index.php?rest_route=\/wp\/v2\/posts\/87\/revisions\/1744"}],"wp:featuredmedia":[{"embeddable":true,"href":"https:\/\/www.tines-werkstatt.de\/index.php?rest_route=\/wp\/v2\/media\/78"}],"wp:attachment":[{"href":"https:\/\/www.tines-werkstatt.de\/index.php?rest_route=%2Fwp%2Fv2%2Fmedia&parent=87"}],"wp:term":[{"taxonomy":"category","embeddable":true,"href":"https:\/\/www.tines-werkstatt.de\/index.php?rest_route=%2Fwp%2Fv2%2Fcategories&post=87"},{"taxonomy":"post_tag","embeddable":true,"href":"https:\/\/www.tines-werkstatt.de\/index.php?rest_route=%2Fwp%2Fv2%2Ftags&post=87"}],"curies":[{"name":"wp","href":"https:\/\/api.w.org\/{rel}","templated":true}]}}