{"id":857,"date":"2012-11-25T18:36:48","date_gmt":"2012-11-25T18:36:48","guid":{"rendered":"http:\/\/www.tines-werkstatt.de\/?p=857"},"modified":"2019-01-07T18:44:48","modified_gmt":"2019-01-07T18:44:48","slug":"nachgereicht-tilda-tasche","status":"publish","type":"post","link":"https:\/\/www.tines-werkstatt.de\/?p=857","title":{"rendered":"Nachgereicht &#8211; Tilda-Tasche"},"content":{"rendered":"<p>Nachgereicht: Im Oktober ist diese Tilda-Tasche in meiner Werkstatt entstanden:<\/p>\n<p><a href=\"https:\/\/www.tines-werkstatt.de\/wp-content\/uploads\/2012\/11\/IMG_8762_klein.jpg\"><img loading=\"lazy\" decoding=\"async\" width=\"150\" height=\"150\" title=\"IMG_8762_klein\" class=\"aligncenter size-thumbnail wp-image-858\" alt=\"\" src=\"https:\/\/www.tines-werkstatt.de\/wp-content\/uploads\/2012\/11\/IMG_8762_klein-150x150.jpg\" srcset=\"https:\/\/www.tines-werkstatt.de\/wp-content\/uploads\/2012\/11\/IMG_8762_klein-150x150.jpg 150w, https:\/\/www.tines-werkstatt.de\/wp-content\/uploads\/2012\/11\/IMG_8762_klein-200x200.jpg 200w\" sizes=\"(max-width: 150px) 100vw, 150px\" \/><\/a><a href=\"https:\/\/www.tines-werkstatt.de\/wp-content\/uploads\/2012\/11\/IMG_8764_klein1.jpg\"><img loading=\"lazy\" decoding=\"async\" width=\"150\" height=\"150\" title=\"IMG_8764_klein\" class=\"aligncenter size-thumbnail wp-image-861\" alt=\"\" src=\"https:\/\/www.tines-werkstatt.de\/wp-content\/uploads\/2012\/11\/IMG_8764_klein1-150x150.jpg\" srcset=\"https:\/\/www.tines-werkstatt.de\/wp-content\/uploads\/2012\/11\/IMG_8764_klein1-150x150.jpg 150w, https:\/\/www.tines-werkstatt.de\/wp-content\/uploads\/2012\/11\/IMG_8764_klein1-200x200.jpg 200w\" sizes=\"(max-width: 150px) 100vw, 150px\" \/><\/a><a href=\"https:\/\/www.tines-werkstatt.de\/wp-content\/uploads\/2012\/11\/IMG_8766_klein.jpg\"><img loading=\"lazy\" decoding=\"async\" width=\"150\" height=\"150\" title=\"IMG_8766_klein\" class=\"aligncenter size-thumbnail wp-image-860\" alt=\"\" src=\"https:\/\/www.tines-werkstatt.de\/wp-content\/uploads\/2012\/11\/IMG_8766_klein-150x150.jpg\" srcset=\"https:\/\/www.tines-werkstatt.de\/wp-content\/uploads\/2012\/11\/IMG_8766_klein-150x150.jpg 150w, https:\/\/www.tines-werkstatt.de\/wp-content\/uploads\/2012\/11\/IMG_8766_klein-200x200.jpg 200w\" sizes=\"(max-width: 150px) 100vw, 150px\" \/><\/a><\/p>\n<p>Das Schnittmuster ist aus Tilda&#8217;s Winterwelt und die Stoffe sind vom Schweden. Als Verschlu\u00df habe ich wieder einen Kam Snap verwendet. Als Schleife dient ein d\u00fcnnes Stoffband, welches ich&nbsp; mal bei einer Dawanda-Bestellung als Give-away im Paket mit fand. Viele Gr\u00fc\u00dfe an dieser Stelle an die neue Besitzerin :-)<\/p>\n<p>Bis bald, Tine :-)<\/p>\n","protected":false},"excerpt":{"rendered":"<p>Nachgereicht: Im Oktober ist diese Tilda-Tasche in meiner Werkstatt entstanden: Das Schnittmuster ist aus Tilda&#8217;s Winterwelt und die Stoffe sind vom Schweden. Als Verschlu\u00df habe ich wieder einen Kam Snap verwendet. Als Schleife dient&#46;&#46;&#46;<\/p>\n","protected":false},"author":2,"featured_media":859,"comment_status":"open","ping_status":"open","sticky":false,"template":"","format":"standard","meta":{"footnotes":""},"categories":[62],"tags":[8,10],"class_list":["post-857","post","type-post","status-publish","format-standard","has-post-thumbnail","hentry","category-handmade","tag-nahen","tag-tasche"],"_links":{"self":[{"href":"https:\/\/www.tines-werkstatt.de\/index.php?rest_route=\/wp\/v2\/posts\/857"}],"collection":[{"href":"https:\/\/www.tines-werkstatt.de\/index.php?rest_route=\/wp\/v2\/posts"}],"about":[{"href":"https:\/\/www.tines-werkstatt.de\/index.php?rest_route=\/wp\/v2\/types\/post"}],"author":[{"embeddable":true,"href":"https:\/\/www.tines-werkstatt.de\/index.php?rest_route=\/wp\/v2\/users\/2"}],"replies":[{"embeddable":true,"href":"https:\/\/www.tines-werkstatt.de\/index.php?rest_route=%2Fwp%2Fv2%2Fcomments&post=857"}],"version-history":[{"count":3,"href":"https:\/\/www.tines-werkstatt.de\/index.php?rest_route=\/wp\/v2\/posts\/857\/revisions"}],"predecessor-version":[{"id":1708,"href":"https:\/\/www.tines-werkstatt.de\/index.php?rest_route=\/wp\/v2\/posts\/857\/revisions\/1708"}],"wp:featuredmedia":[{"embeddable":true,"href":"https:\/\/www.tines-werkstatt.de\/index.php?rest_route=\/wp\/v2\/media\/859"}],"wp:attachment":[{"href":"https:\/\/www.tines-werkstatt.de\/index.php?rest_route=%2Fwp%2Fv2%2Fmedia&parent=857"}],"wp:term":[{"taxonomy":"category","embeddable":true,"href":"https:\/\/www.tines-werkstatt.de\/index.php?rest_route=%2Fwp%2Fv2%2Fcategories&post=857"},{"taxonomy":"post_tag","embeddable":true,"href":"https:\/\/www.tines-werkstatt.de\/index.php?rest_route=%2Fwp%2Fv2%2Ftags&post=857"}],"curies":[{"name":"wp","href":"https:\/\/api.w.org\/{rel}","templated":true}]}}