{"id":836,"date":"2012-08-29T20:24:00","date_gmt":"2012-08-29T20:24:00","guid":{"rendered":"http:\/\/www.tines-werkstatt.de\/?p=836"},"modified":"2020-07-08T18:46:46","modified_gmt":"2020-07-08T18:46:46","slug":"zum-schulanfang","status":"publish","type":"post","link":"https:\/\/www.tines-werkstatt.de\/?p=836","title":{"rendered":"zum Schulanfang"},"content":{"rendered":"<p>Am kommenden Samstag ist Schulanfang in Th\u00fcringen. So manch ein ABC-Sch\u00fctze wird ab da auch Buskind. Hierf\u00fcr gibt es eine Karte, die bei jeder Fahrt vorgezeigt werden muss. Damit die Karte auch wirklich immer griffbereit ist, war f\u00fcr die Zuckert\u00fcte ein Brustbeutel gew\u00fcnscht:<\/p>\n\n\n<figure class=\"wp-block-gallery columns-3 is-cropped wp-block-gallery-1 is-layout-flex wp-block-gallery-is-layout-flex\"><ul class=\"blocks-gallery-grid\"><li class=\"blocks-gallery-item\"><figure><img loading=\"lazy\" decoding=\"async\" width=\"492\" height=\"369\" src=\"https:\/\/www.tines-werkstatt.de\/wp-content\/uploads\/2012\/08\/DSCF1138_klein.jpg\" alt=\"\" data-id=\"840\" data-full-url=\"https:\/\/www.tines-werkstatt.de\/wp-content\/uploads\/2012\/08\/DSCF1138_klein.jpg\" data-link=\"https:\/\/www.tines-werkstatt.de\/?attachment_id=840\" class=\"wp-image-840\" srcset=\"https:\/\/www.tines-werkstatt.de\/wp-content\/uploads\/2012\/08\/DSCF1138_klein.jpg 492w, https:\/\/www.tines-werkstatt.de\/wp-content\/uploads\/2012\/08\/DSCF1138_klein-300x225.jpg 300w\" sizes=\"(max-width: 492px) 100vw, 492px\" \/><\/figure><\/li><li class=\"blocks-gallery-item\"><figure><img loading=\"lazy\" decoding=\"async\" width=\"492\" height=\"369\" src=\"https:\/\/www.tines-werkstatt.de\/wp-content\/uploads\/2012\/08\/DSCF1139_klein.jpg\" alt=\"\" data-id=\"839\" data-full-url=\"https:\/\/www.tines-werkstatt.de\/wp-content\/uploads\/2012\/08\/DSCF1139_klein.jpg\" data-link=\"https:\/\/www.tines-werkstatt.de\/?attachment_id=839\" class=\"wp-image-839\" srcset=\"https:\/\/www.tines-werkstatt.de\/wp-content\/uploads\/2012\/08\/DSCF1139_klein.jpg 492w, https:\/\/www.tines-werkstatt.de\/wp-content\/uploads\/2012\/08\/DSCF1139_klein-300x225.jpg 300w\" sizes=\"(max-width: 492px) 100vw, 492px\" \/><\/figure><\/li><li class=\"blocks-gallery-item\"><figure><img loading=\"lazy\" decoding=\"async\" width=\"369\" height=\"492\" src=\"https:\/\/www.tines-werkstatt.de\/wp-content\/uploads\/2012\/08\/DSCF1134_klein.jpg\" alt=\"\" data-id=\"837\" data-full-url=\"https:\/\/www.tines-werkstatt.de\/wp-content\/uploads\/2012\/08\/DSCF1134_klein.jpg\" data-link=\"https:\/\/www.tines-werkstatt.de\/?attachment_id=837\" class=\"wp-image-837\" srcset=\"https:\/\/www.tines-werkstatt.de\/wp-content\/uploads\/2012\/08\/DSCF1134_klein.jpg 369w, https:\/\/www.tines-werkstatt.de\/wp-content\/uploads\/2012\/08\/DSCF1134_klein-225x300.jpg 225w\" sizes=\"(max-width: 369px) 100vw, 369px\" \/><\/figure><\/li><\/ul><\/figure>\n\n\n\n<p>Orientiert habe ich mich dabei an der Anleitung von <a href=\"https:\/\/frau-liebstes.de\/2010\/11\/25\/mama-ich-auch-ein-geld\/\" target=\"_blank\" rel=\"noreferrer noopener\" aria-label=\" (\u00f6ffnet in neuem Tab)\">Frau Liebstes<\/a>. Auf der R\u00fcckseite habe ich noch das Fach f\u00fcr die Buskarte aufgen\u00e4ht. So kam auch die geliebte Kam Snaps-Zange mal wieder zum Einsatz. Die Stickdatei ist aus der Serie Rittersleut von Kunterbunt-Design.<\/p>\n\n\n\n<p>Bis bald, Tine :-)<\/p>\n","protected":false},"excerpt":{"rendered":"<p>Am kommenden Samstag ist Schulanfang in Th\u00fcringen. So manch ein ABC-Sch\u00fctze wird ab da auch Buskind. Hierf\u00fcr gibt es eine Karte, die bei jeder Fahrt vorgezeigt werden muss. Damit die Karte auch wirklich immer&#46;&#46;&#46;<\/p>\n","protected":false},"author":2,"featured_media":840,"comment_status":"open","ping_status":"open","sticky":false,"template":"","format":"standard","meta":{"footnotes":""},"categories":[62],"tags":[14,11,41,8,31,43],"class_list":["post-836","post","type-post","status-publish","format-standard","has-post-thumbnail","hentry","category-handmade","tag-beutel","tag-geldborse","tag-kinderkram","tag-nahen","tag-praktisches","tag-sticken"],"_links":{"self":[{"href":"https:\/\/www.tines-werkstatt.de\/index.php?rest_route=\/wp\/v2\/posts\/836"}],"collection":[{"href":"https:\/\/www.tines-werkstatt.de\/index.php?rest_route=\/wp\/v2\/posts"}],"about":[{"href":"https:\/\/www.tines-werkstatt.de\/index.php?rest_route=\/wp\/v2\/types\/post"}],"author":[{"embeddable":true,"href":"https:\/\/www.tines-werkstatt.de\/index.php?rest_route=\/wp\/v2\/users\/2"}],"replies":[{"embeddable":true,"href":"https:\/\/www.tines-werkstatt.de\/index.php?rest_route=%2Fwp%2Fv2%2Fcomments&post=836"}],"version-history":[{"count":5,"href":"https:\/\/www.tines-werkstatt.de\/index.php?rest_route=\/wp\/v2\/posts\/836\/revisions"}],"predecessor-version":[{"id":2011,"href":"https:\/\/www.tines-werkstatt.de\/index.php?rest_route=\/wp\/v2\/posts\/836\/revisions\/2011"}],"wp:featuredmedia":[{"embeddable":true,"href":"https:\/\/www.tines-werkstatt.de\/index.php?rest_route=\/wp\/v2\/media\/840"}],"wp:attachment":[{"href":"https:\/\/www.tines-werkstatt.de\/index.php?rest_route=%2Fwp%2Fv2%2Fmedia&parent=836"}],"wp:term":[{"taxonomy":"category","embeddable":true,"href":"https:\/\/www.tines-werkstatt.de\/index.php?rest_route=%2Fwp%2Fv2%2Fcategories&post=836"},{"taxonomy":"post_tag","embeddable":true,"href":"https:\/\/www.tines-werkstatt.de\/index.php?rest_route=%2Fwp%2Fv2%2Ftags&post=836"}],"curies":[{"name":"wp","href":"https:\/\/api.w.org\/{rel}","templated":true}]}}