{"id":798,"date":"2012-07-21T21:00:28","date_gmt":"2012-07-21T21:00:28","guid":{"rendered":"http:\/\/www.tines-werkstatt.de\/?p=798"},"modified":"2019-01-07T18:21:54","modified_gmt":"2019-01-07T18:21:54","slug":"madchenkram","status":"publish","type":"post","link":"https:\/\/www.tines-werkstatt.de\/?p=798","title":{"rendered":"M\u00e4dchenkram"},"content":{"rendered":"<p>Ob gro\u00dfes oder kleines M\u00e4dchen &#8211; eine kleine Tasche kann wohl jede Frau gebrauchen. Daher verschenkte ich diese kleine Kram-Tasche heute an meine Freundin:<br \/>\n<center><br \/>\n<a href=\"https:\/\/www.tines-werkstatt.de\/wp-content\/uploads\/2012\/07\/DSCF0774b_klein.jpg\"><img loading=\"lazy\" decoding=\"async\" width=\"150\" height=\"150\" title=\"DSCF0774b_klein\" class=\"aligncenter size-thumbnail wp-image-799\" alt=\"\" src=\"https:\/\/www.tines-werkstatt.de\/wp-content\/uploads\/2012\/07\/DSCF0774b_klein-150x150.jpg\" srcset=\"https:\/\/www.tines-werkstatt.de\/wp-content\/uploads\/2012\/07\/DSCF0774b_klein-150x150.jpg 150w, https:\/\/www.tines-werkstatt.de\/wp-content\/uploads\/2012\/07\/DSCF0774b_klein-200x200.jpg 200w\" sizes=\"(max-width: 150px) 100vw, 150px\" \/><\/a><\/center><\/p>\n<p>Die Stickdatei &#8222;Eule&#8220; ist von Kind und Kegel \/ Maren Lenz und der gr\u00fcne P\u00fcnktchen-Stoff stammt aus der letzten Stoffmarkt-Beute.<\/p>\n<p>Bis bald, Tine :-)<\/p>\n","protected":false},"excerpt":{"rendered":"<p>Ob gro\u00dfes oder kleines M\u00e4dchen &#8211; eine kleine Tasche kann wohl jede Frau gebrauchen. Daher verschenkte ich diese kleine Kram-Tasche heute an meine Freundin: Die Stickdatei &#8222;Eule&#8220; ist von Kind und Kegel \/ Maren&#46;&#46;&#46;<\/p>\n","protected":false},"author":2,"featured_media":799,"comment_status":"open","ping_status":"open","sticky":false,"template":"","format":"standard","meta":{"footnotes":""},"categories":[62],"tags":[15,8,10],"class_list":["post-798","post","type-post","status-publish","format-standard","has-post-thumbnail","hentry","category-handmade","tag-geschenke","tag-nahen","tag-tasche"],"_links":{"self":[{"href":"https:\/\/www.tines-werkstatt.de\/index.php?rest_route=\/wp\/v2\/posts\/798"}],"collection":[{"href":"https:\/\/www.tines-werkstatt.de\/index.php?rest_route=\/wp\/v2\/posts"}],"about":[{"href":"https:\/\/www.tines-werkstatt.de\/index.php?rest_route=\/wp\/v2\/types\/post"}],"author":[{"embeddable":true,"href":"https:\/\/www.tines-werkstatt.de\/index.php?rest_route=\/wp\/v2\/users\/2"}],"replies":[{"embeddable":true,"href":"https:\/\/www.tines-werkstatt.de\/index.php?rest_route=%2Fwp%2Fv2%2Fcomments&post=798"}],"version-history":[{"count":10,"href":"https:\/\/www.tines-werkstatt.de\/index.php?rest_route=\/wp\/v2\/posts\/798\/revisions"}],"predecessor-version":[{"id":1674,"href":"https:\/\/www.tines-werkstatt.de\/index.php?rest_route=\/wp\/v2\/posts\/798\/revisions\/1674"}],"wp:featuredmedia":[{"embeddable":true,"href":"https:\/\/www.tines-werkstatt.de\/index.php?rest_route=\/wp\/v2\/media\/799"}],"wp:attachment":[{"href":"https:\/\/www.tines-werkstatt.de\/index.php?rest_route=%2Fwp%2Fv2%2Fmedia&parent=798"}],"wp:term":[{"taxonomy":"category","embeddable":true,"href":"https:\/\/www.tines-werkstatt.de\/index.php?rest_route=%2Fwp%2Fv2%2Fcategories&post=798"},{"taxonomy":"post_tag","embeddable":true,"href":"https:\/\/www.tines-werkstatt.de\/index.php?rest_route=%2Fwp%2Fv2%2Ftags&post=798"}],"curies":[{"name":"wp","href":"https:\/\/api.w.org\/{rel}","templated":true}]}}