{"id":767,"date":"2012-07-21T21:29:02","date_gmt":"2012-07-21T21:29:02","guid":{"rendered":"http:\/\/www.tines-werkstatt.de\/?p=767"},"modified":"2012-07-21T21:31:51","modified_gmt":"2012-07-21T21:31:51","slug":"ich-stelle-vor-meine-bucherecke","status":"publish","type":"post","link":"https:\/\/www.tines-werkstatt.de\/?p=767","title":{"rendered":"Ich stelle vor: meine B\u00fccherecke"},"content":{"rendered":"<p>Auch wenn heute das Internet viel hergibt &#8211; ich nehme auch heute noch gern mal ein Buch in die Hand. F\u00fcr meine Handarbeiten habe ich inzwischen doch eine recht umfangreiche Sammlung. Diese m\u00f6chte ich Euch nicht vorenthalten. Daher habe ich heute die <a title=\"TINE's B\u00fccherecke\" href=\"https:\/\/www.tines-werkstatt.de\/?page_id=761\" target=\"_blank\">B\u00fccherecke<\/a> eingerichtet. Ihr findet diese in der oberen Navigationsleiste. Viel Spa\u00df beim St\u00f6bern und vielleicht hat ja jemand von Euch noch Lesetipps f\u00fcr mich &#8211; dann her damit.<\/p>\n<p>Bis bald, Tine :-)<\/p>\n","protected":false},"excerpt":{"rendered":"<p>Auch wenn heute das Internet viel hergibt &#8211; ich nehme auch heute noch gern mal ein Buch in die Hand. F\u00fcr meine Handarbeiten habe ich inzwischen doch eine recht umfangreiche Sammlung. Diese m\u00f6chte ich&#46;&#46;&#46;<\/p>\n","protected":false},"author":2,"featured_media":0,"comment_status":"open","ping_status":"open","sticky":false,"template":"","format":"standard","meta":{"footnotes":""},"categories":[1],"tags":[17],"class_list":["post-767","post","type-post","status-publish","format-standard","hentry","category-own","tag-werkstatt"],"_links":{"self":[{"href":"https:\/\/www.tines-werkstatt.de\/index.php?rest_route=\/wp\/v2\/posts\/767"}],"collection":[{"href":"https:\/\/www.tines-werkstatt.de\/index.php?rest_route=\/wp\/v2\/posts"}],"about":[{"href":"https:\/\/www.tines-werkstatt.de\/index.php?rest_route=\/wp\/v2\/types\/post"}],"author":[{"embeddable":true,"href":"https:\/\/www.tines-werkstatt.de\/index.php?rest_route=\/wp\/v2\/users\/2"}],"replies":[{"embeddable":true,"href":"https:\/\/www.tines-werkstatt.de\/index.php?rest_route=%2Fwp%2Fv2%2Fcomments&post=767"}],"version-history":[{"count":9,"href":"https:\/\/www.tines-werkstatt.de\/index.php?rest_route=\/wp\/v2\/posts\/767\/revisions"}],"predecessor-version":[{"id":817,"href":"https:\/\/www.tines-werkstatt.de\/index.php?rest_route=\/wp\/v2\/posts\/767\/revisions\/817"}],"wp:attachment":[{"href":"https:\/\/www.tines-werkstatt.de\/index.php?rest_route=%2Fwp%2Fv2%2Fmedia&parent=767"}],"wp:term":[{"taxonomy":"category","embeddable":true,"href":"https:\/\/www.tines-werkstatt.de\/index.php?rest_route=%2Fwp%2Fv2%2Fcategories&post=767"},{"taxonomy":"post_tag","embeddable":true,"href":"https:\/\/www.tines-werkstatt.de\/index.php?rest_route=%2Fwp%2Fv2%2Ftags&post=767"}],"curies":[{"name":"wp","href":"https:\/\/api.w.org\/{rel}","templated":true}]}}