{"id":701,"date":"2012-06-25T18:33:29","date_gmt":"2012-06-25T18:33:29","guid":{"rendered":"http:\/\/www.tines-werkstatt.de\/?p=701"},"modified":"2019-01-07T19:12:53","modified_gmt":"2019-01-07T19:12:53","slug":"schon-wars-der-stoffmarkt-in-dresden","status":"publish","type":"post","link":"https:\/\/www.tines-werkstatt.de\/?p=701","title":{"rendered":"Sch\u00f6n wars &#8211; der Stoffmarkt in Dresden"},"content":{"rendered":"<p>Samstag war es nun endlich soweit &#8211; der Holland-Stoffmarkt in Dresden. In der prallen Sonne auf dem Altmarkt habe ich diese vielen sch\u00f6nen Stoffe erstanden:<\/p>\n<p style=\"text-align: center;\">&nbsp;<a href=\"https:\/\/www.tines-werkstatt.de\/wp-content\/uploads\/2012\/06\/DSCF0413_klein.jpg\"><img loading=\"lazy\" decoding=\"async\" width=\"150\" height=\"150\" title=\"DSCF0413_klein\" class=\"aligncenter size-thumbnail wp-image-707\" alt=\"\" src=\"https:\/\/www.tines-werkstatt.de\/wp-content\/uploads\/2012\/06\/DSCF0413_klein-150x150.jpg\" srcset=\"https:\/\/www.tines-werkstatt.de\/wp-content\/uploads\/2012\/06\/DSCF0413_klein-150x150.jpg 150w, https:\/\/www.tines-werkstatt.de\/wp-content\/uploads\/2012\/06\/DSCF0413_klein-200x200.jpg 200w\" sizes=\"(max-width: 150px) 100vw, 150px\" \/><\/a><a href=\"https:\/\/www.tines-werkstatt.de\/wp-content\/uploads\/2012\/06\/DSCF0408_klein.jpg\"><img loading=\"lazy\" decoding=\"async\" width=\"150\" height=\"150\" title=\"DSCF0408_klein\" class=\"aligncenter size-thumbnail wp-image-703\" alt=\"\" src=\"https:\/\/www.tines-werkstatt.de\/wp-content\/uploads\/2012\/06\/DSCF0408_klein-150x150.jpg\" srcset=\"https:\/\/www.tines-werkstatt.de\/wp-content\/uploads\/2012\/06\/DSCF0408_klein-150x150.jpg 150w, https:\/\/www.tines-werkstatt.de\/wp-content\/uploads\/2012\/06\/DSCF0408_klein-200x200.jpg 200w\" sizes=\"(max-width: 150px) 100vw, 150px\" \/><\/a><\/p>\n<p style=\"text-align: center;\"><a href=\"https:\/\/www.tines-werkstatt.de\/wp-content\/uploads\/2012\/06\/DSCF0409_klein.jpg\"><img loading=\"lazy\" decoding=\"async\" width=\"150\" height=\"150\" title=\"DSCF0409_klein\" class=\"aligncenter size-thumbnail wp-image-704\" alt=\"\" src=\"https:\/\/www.tines-werkstatt.de\/wp-content\/uploads\/2012\/06\/DSCF0409_klein-150x150.jpg\" srcset=\"https:\/\/www.tines-werkstatt.de\/wp-content\/uploads\/2012\/06\/DSCF0409_klein-150x150.jpg 150w, https:\/\/www.tines-werkstatt.de\/wp-content\/uploads\/2012\/06\/DSCF0409_klein-200x200.jpg 200w\" sizes=\"(max-width: 150px) 100vw, 150px\" \/><\/a><a href=\"https:\/\/www.tines-werkstatt.de\/wp-content\/uploads\/2012\/06\/DSCF0410_klein.jpg\"><img loading=\"lazy\" decoding=\"async\" width=\"150\" height=\"150\" title=\"DSCF0410_klein\" class=\"aligncenter size-thumbnail wp-image-705\" alt=\"\" src=\"https:\/\/www.tines-werkstatt.de\/wp-content\/uploads\/2012\/06\/DSCF0410_klein-150x150.jpg\" srcset=\"https:\/\/www.tines-werkstatt.de\/wp-content\/uploads\/2012\/06\/DSCF0410_klein-150x150.jpg 150w, https:\/\/www.tines-werkstatt.de\/wp-content\/uploads\/2012\/06\/DSCF0410_klein-200x200.jpg 200w\" sizes=\"(max-width: 150px) 100vw, 150px\" \/><\/a><\/p>\n<p>Diesmal ist viel Jersey, nat\u00fcrlich auch Baumwolle und sogar Fleece dabei. Dazu 3 Rollen von beschichtetem Stoff und noch einige Rei\u00dfverschl\u00fcsse sowie Strickb\u00fcndchen.<\/p>\n<p>Es war ja nicht mein erster Besuch auf dem Stoffmarkt und so bin ich wieder nach meinem Schema vorgegangen: erst eine schnelle Laufrunde \u00fcber den kompletten Markt und sondieren. Dann ab durch die Mitte und zuschlagen. Bei meinem ersten Besuch habe ich bei jedem Meter \u00fcberlegt, was ich daraus machen kann. Das mache ich nun nicht mehr. Die Ideen kommen dann schon, wenn ich in meine Stoffsammlung schaue :-) Nat\u00fcrlich hatte ich auch eine kleine Must-have-Liste dabei, die ich komplett abarbeiten konnte. Sch\u00f6n wars. Und am 25. August 2012 gibt es gleich die n\u00e4chste Ausgabe des Holland-Stoffmarktes in Dresden :-)<\/p>\n<p>Nun mu\u00df ich erstmal mein Stofflager etwas umr\u00e4umen, denn mein Platz ist sehr begrenzt. Sonst wei\u00df ich gar nicht, wo ich die neuen Sch\u00e4tze unterbringen soll.<\/p>\n<p>Bis bald, Tine :-)<\/p>\n","protected":false},"excerpt":{"rendered":"<p>Samstag war es nun endlich soweit &#8211; der Holland-Stoffmarkt in Dresden. In der prallen Sonne auf dem Altmarkt habe ich diese vielen sch\u00f6nen Stoffe erstanden: &nbsp; Diesmal ist viel Jersey, nat\u00fcrlich auch Baumwolle und&#46;&#46;&#46;<\/p>\n","protected":false},"author":2,"featured_media":705,"comment_status":"open","ping_status":"open","sticky":false,"template":"","format":"standard","meta":{"footnotes":""},"categories":[1,4],"tags":[13,25],"class_list":["post-701","post","type-post","status-publish","format-standard","has-post-thumbnail","hentry","category-own","category-stofflager","tag-stoffe","tag-stoffmarkt"],"_links":{"self":[{"href":"https:\/\/www.tines-werkstatt.de\/index.php?rest_route=\/wp\/v2\/posts\/701"}],"collection":[{"href":"https:\/\/www.tines-werkstatt.de\/index.php?rest_route=\/wp\/v2\/posts"}],"about":[{"href":"https:\/\/www.tines-werkstatt.de\/index.php?rest_route=\/wp\/v2\/types\/post"}],"author":[{"embeddable":true,"href":"https:\/\/www.tines-werkstatt.de\/index.php?rest_route=\/wp\/v2\/users\/2"}],"replies":[{"embeddable":true,"href":"https:\/\/www.tines-werkstatt.de\/index.php?rest_route=%2Fwp%2Fv2%2Fcomments&post=701"}],"version-history":[{"count":7,"href":"https:\/\/www.tines-werkstatt.de\/index.php?rest_route=\/wp\/v2\/posts\/701\/revisions"}],"predecessor-version":[{"id":1728,"href":"https:\/\/www.tines-werkstatt.de\/index.php?rest_route=\/wp\/v2\/posts\/701\/revisions\/1728"}],"wp:featuredmedia":[{"embeddable":true,"href":"https:\/\/www.tines-werkstatt.de\/index.php?rest_route=\/wp\/v2\/media\/705"}],"wp:attachment":[{"href":"https:\/\/www.tines-werkstatt.de\/index.php?rest_route=%2Fwp%2Fv2%2Fmedia&parent=701"}],"wp:term":[{"taxonomy":"category","embeddable":true,"href":"https:\/\/www.tines-werkstatt.de\/index.php?rest_route=%2Fwp%2Fv2%2Fcategories&post=701"},{"taxonomy":"post_tag","embeddable":true,"href":"https:\/\/www.tines-werkstatt.de\/index.php?rest_route=%2Fwp%2Fv2%2Ftags&post=701"}],"curies":[{"name":"wp","href":"https:\/\/api.w.org\/{rel}","templated":true}]}}