{"id":693,"date":"2012-06-22T19:57:14","date_gmt":"2012-06-22T19:57:14","guid":{"rendered":"http:\/\/www.tines-werkstatt.de\/?p=693"},"modified":"2019-01-07T18:34:10","modified_gmt":"2019-01-07T18:34:10","slug":"mondmann-paul-zum-1-geburtstag","status":"publish","type":"post","link":"https:\/\/www.tines-werkstatt.de\/?p=693","title":{"rendered":"Mondmann Paul zum 1. Geburtstag"},"content":{"rendered":"<p>Mein kleiner Neffe ist nun schon 1 Jahr alt. Als Geschenk gibt es von uns Mondmann Paul:<\/p>\n<p style=\"text-align: center;\"><a href=\"https:\/\/www.tines-werkstatt.de\/wp-content\/uploads\/2012\/06\/DSCF0337_klein.jpg\"><img loading=\"lazy\" decoding=\"async\" width=\"150\" height=\"150\" title=\"DSCF0337_klein\" class=\"aligncenter size-thumbnail wp-image-692\" alt=\"\" src=\"https:\/\/www.tines-werkstatt.de\/wp-content\/uploads\/2012\/06\/DSCF0337_klein-150x150.jpg\" srcset=\"https:\/\/www.tines-werkstatt.de\/wp-content\/uploads\/2012\/06\/DSCF0337_klein-150x150.jpg 150w, https:\/\/www.tines-werkstatt.de\/wp-content\/uploads\/2012\/06\/DSCF0337_klein-200x200.jpg 200w\" sizes=\"(max-width: 150px) 100vw, 150px\" \/><\/a><\/p>\n<p style=\"text-align: left;\">Die Vorlage stammt <a href=\"https:\/\/www.tines-werkstatt.de\/?p=439\">wieder<\/a> aus dem Buch &#8222;Kuschelfreunde&#8220; von Bettina Schons. Er ist gute 65 cm gro\u00df und so richtig sch\u00f6n zum Kuscheln. Gef\u00fcllt habe ich ihn wieder mit Bastelwatte &#8211; denn waschbar sollte er schon sein. Nun soll er dem kleinen Mann sch\u00f6ne Tr\u00e4ume bringen.<\/p>\n<p style=\"text-align: left;\">Bis bald, Tine :-)<\/p>\n","protected":false},"excerpt":{"rendered":"<p>Mein kleiner Neffe ist nun schon 1 Jahr alt. Als Geschenk gibt es von uns Mondmann Paul: Die Vorlage stammt wieder aus dem Buch &#8222;Kuschelfreunde&#8220; von Bettina Schons. Er ist gute 65 cm gro\u00df&#46;&#46;&#46;<\/p>\n","protected":false},"author":2,"featured_media":692,"comment_status":"open","ping_status":"open","sticky":false,"template":"","format":"standard","meta":{"footnotes":""},"categories":[62],"tags":[29,15,35,8],"class_list":["post-693","post","type-post","status-publish","format-standard","has-post-thumbnail","hentry","category-handmade","tag-babykram","tag-geschenke","tag-kuscheltiere","tag-nahen"],"_links":{"self":[{"href":"https:\/\/www.tines-werkstatt.de\/index.php?rest_route=\/wp\/v2\/posts\/693"}],"collection":[{"href":"https:\/\/www.tines-werkstatt.de\/index.php?rest_route=\/wp\/v2\/posts"}],"about":[{"href":"https:\/\/www.tines-werkstatt.de\/index.php?rest_route=\/wp\/v2\/types\/post"}],"author":[{"embeddable":true,"href":"https:\/\/www.tines-werkstatt.de\/index.php?rest_route=\/wp\/v2\/users\/2"}],"replies":[{"embeddable":true,"href":"https:\/\/www.tines-werkstatt.de\/index.php?rest_route=%2Fwp%2Fv2%2Fcomments&post=693"}],"version-history":[{"count":4,"href":"https:\/\/www.tines-werkstatt.de\/index.php?rest_route=\/wp\/v2\/posts\/693\/revisions"}],"predecessor-version":[{"id":1678,"href":"https:\/\/www.tines-werkstatt.de\/index.php?rest_route=\/wp\/v2\/posts\/693\/revisions\/1678"}],"wp:featuredmedia":[{"embeddable":true,"href":"https:\/\/www.tines-werkstatt.de\/index.php?rest_route=\/wp\/v2\/media\/692"}],"wp:attachment":[{"href":"https:\/\/www.tines-werkstatt.de\/index.php?rest_route=%2Fwp%2Fv2%2Fmedia&parent=693"}],"wp:term":[{"taxonomy":"category","embeddable":true,"href":"https:\/\/www.tines-werkstatt.de\/index.php?rest_route=%2Fwp%2Fv2%2Fcategories&post=693"},{"taxonomy":"post_tag","embeddable":true,"href":"https:\/\/www.tines-werkstatt.de\/index.php?rest_route=%2Fwp%2Fv2%2Ftags&post=693"}],"curies":[{"name":"wp","href":"https:\/\/api.w.org\/{rel}","templated":true}]}}