{"id":653,"date":"2012-05-17T19:01:33","date_gmt":"2012-05-17T19:01:33","guid":{"rendered":"http:\/\/www.tines-werkstatt.de\/?p=653"},"modified":"2022-02-18T17:58:44","modified_gmt":"2022-02-18T17:58:44","slug":"reiseutensilien-fur-das-kleine-fraulein","status":"publish","type":"post","link":"https:\/\/www.tines-werkstatt.de\/?p=653","title":{"rendered":"Reiseutensilien f\u00fcr das kleine Fr\u00e4ulein"},"content":{"rendered":"<p>Ab und zu mu\u00df ich auch mal was f\u00fcr uns selbst n\u00e4hen &#8211; diesmal f\u00fcr unser kleines Fr\u00e4ulein. Dabei konnte ich endlich die neue Stickmaschine ausf\u00fchrlich testen und auch die Kam-Snaps-Zange. Beides hat den Alltagstest bestanden. Zuerst gab es die kleine Windeltasche f\u00fcrs Auto. Es passen eine Wickelunterlage, eine kleine Packung Feuchtt\u00fccher und 4 Windeln in die Tasche. Die Stickdatei ist von <a title=\"Link zu bags'n style\" href=\"http:\/\/bagsnstyle.blogspot.de\/\" target=\"_blank\" rel=\"noopener noreferrer\">bags&#8216; n style<\/a>. Schon l\u00e4nger stand auf der To-Do-Liste ein Nuckelband f\u00fcr die Babyschale, die auf f\u00fcr einen Soothie funktioniert. Hier passen die \u00fcblichen Nuckelb\u00e4nder nicht. Also musste eine Eigenkreation her. Mit den Ergebnissen bin ich sehr zufrieden:<\/p>\n\n\n<figure class=\"wp-block-gallery aligncenter has-nested-images columns-default is-cropped wp-block-gallery-1 is-layout-flex wp-block-gallery-is-layout-flex\">\n<figure class=\"wp-block-image size-large\"><img loading=\"lazy\" decoding=\"async\" width=\"492\" height=\"369\" data-id=\"655\" src=\"https:\/\/www.tines-werkstatt.de\/wp-content\/uploads\/2012\/05\/DSC05906_klein.jpg\" alt=\"\" class=\"wp-image-655\" srcset=\"https:\/\/www.tines-werkstatt.de\/wp-content\/uploads\/2012\/05\/DSC05906_klein.jpg 492w, https:\/\/www.tines-werkstatt.de\/wp-content\/uploads\/2012\/05\/DSC05906_klein-300x225.jpg 300w\" sizes=\"(max-width: 492px) 100vw, 492px\" \/><\/figure>\n\n\n\n<figure class=\"wp-block-image size-large\"><img loading=\"lazy\" decoding=\"async\" width=\"492\" height=\"369\" data-id=\"656\" src=\"https:\/\/www.tines-werkstatt.de\/wp-content\/uploads\/2012\/05\/DSC05908_klein.jpg\" alt=\"\" class=\"wp-image-656\" srcset=\"https:\/\/www.tines-werkstatt.de\/wp-content\/uploads\/2012\/05\/DSC05908_klein.jpg 492w, https:\/\/www.tines-werkstatt.de\/wp-content\/uploads\/2012\/05\/DSC05908_klein-300x225.jpg 300w\" sizes=\"(max-width: 492px) 100vw, 492px\" \/><\/figure>\n<\/figure>\n\n\n\n<p>Beides haben wir auf unserer ersten Tour erfolgreich testen k\u00f6nnen :-) Ich w\u00fcnsche Euch ein langes kreatives Wochenende.<\/p>\n\n\n\n<p>Bis bald, Tine :-)<\/p>\n","protected":false},"excerpt":{"rendered":"<p>Ab und zu mu\u00df ich auch mal was f\u00fcr uns selbst n\u00e4hen &#8211; diesmal f\u00fcr unser kleines Fr\u00e4ulein. Dabei konnte ich endlich die neue Stickmaschine ausf\u00fchrlich testen und auch die Kam-Snaps-Zange. Beides hat den&#46;&#46;&#46;<\/p>\n","protected":false},"author":2,"featured_media":655,"comment_status":"open","ping_status":"open","sticky":false,"template":"","format":"standard","meta":{"footnotes":""},"categories":[62],"tags":[29,88,8,40,43,39],"class_list":["post-653","post","type-post","status-publish","format-standard","has-post-thumbnail","hentry","category-handmade","tag-babykram","tag-made4girls","tag-nahen","tag-nuckelband","tag-sticken","tag-windeltasche"],"_links":{"self":[{"href":"https:\/\/www.tines-werkstatt.de\/index.php?rest_route=\/wp\/v2\/posts\/653"}],"collection":[{"href":"https:\/\/www.tines-werkstatt.de\/index.php?rest_route=\/wp\/v2\/posts"}],"about":[{"href":"https:\/\/www.tines-werkstatt.de\/index.php?rest_route=\/wp\/v2\/types\/post"}],"author":[{"embeddable":true,"href":"https:\/\/www.tines-werkstatt.de\/index.php?rest_route=\/wp\/v2\/users\/2"}],"replies":[{"embeddable":true,"href":"https:\/\/www.tines-werkstatt.de\/index.php?rest_route=%2Fwp%2Fv2%2Fcomments&post=653"}],"version-history":[{"count":10,"href":"https:\/\/www.tines-werkstatt.de\/index.php?rest_route=\/wp\/v2\/posts\/653\/revisions"}],"predecessor-version":[{"id":2205,"href":"https:\/\/www.tines-werkstatt.de\/index.php?rest_route=\/wp\/v2\/posts\/653\/revisions\/2205"}],"wp:featuredmedia":[{"embeddable":true,"href":"https:\/\/www.tines-werkstatt.de\/index.php?rest_route=\/wp\/v2\/media\/655"}],"wp:attachment":[{"href":"https:\/\/www.tines-werkstatt.de\/index.php?rest_route=%2Fwp%2Fv2%2Fmedia&parent=653"}],"wp:term":[{"taxonomy":"category","embeddable":true,"href":"https:\/\/www.tines-werkstatt.de\/index.php?rest_route=%2Fwp%2Fv2%2Fcategories&post=653"},{"taxonomy":"post_tag","embeddable":true,"href":"https:\/\/www.tines-werkstatt.de\/index.php?rest_route=%2Fwp%2Fv2%2Ftags&post=653"}],"curies":[{"name":"wp","href":"https:\/\/api.w.org\/{rel}","templated":true}]}}