{"id":639,"date":"2012-05-04T18:51:16","date_gmt":"2012-05-04T18:51:16","guid":{"rendered":"http:\/\/www.tines-werkstatt.de\/?p=639"},"modified":"2012-05-04T19:42:46","modified_gmt":"2012-05-04T19:42:46","slug":"nicht-verpassen-stoffmarkt-holland-in-dresden-am-23-06-2012","status":"publish","type":"post","link":"https:\/\/www.tines-werkstatt.de\/?p=639","title":{"rendered":"Nicht verpassen: Stoffmarkt Holland in Dresden am 23.06.2012"},"content":{"rendered":"<p>Der\/Die eine oder andere hat sicherlich schon vom Stoffmarkt Holland geh\u00f6rt.\u00a0 Mehr als 100 holl\u00e4ndische Stoffanbieter, aber auch aus dem gesamten Bundesgebiet veranstalten diesen gro\u00dfen Stoffmarkt. Ich war die letzten beiden Jahre immer in N\u00fcrnberg\/F\u00fcrth, weil dies f\u00fcr mich am n\u00e4chsten war. Nun endlich findet der Stoffmarkt Holland auch mal in Mitteldeutschland statt.<\/p>\n<p><strong>Termin: 23.06.2012 in Dresden, 10-17 Uhr<br \/>\n<\/strong><\/p>\n<p><strong>Anschrift: 01067, Altmarkt &#8211; Wilsdruffer Strasse.\u00a0<\/strong><\/p>\n<p>Ich empfehle Wanderschuhe, gro\u00dfe Taschen (man sieht dort viele BesucherInnen mit Rollkoffern:-)) und am besten noch einen Tr\u00e4ger :-) Ich hoffe der Markt brummt, denn laut Organisator soll bei gutem Gesch\u00e4ft, Dresden fest in die Tour mit aufgenommen werden. Auch schlechtes Wetter sollte niemanden abschrecken &#8211; wir hatten auch schon Regen in F\u00fcrth. Das war nicht schlimm, denn die H\u00e4ndler sind sehr bem\u00fcht, dass alle Stoffe trocken bleiben und auch ihr im Trocknen steht, wenn ihr shoppt. Also auf gehts! Ich habe das Wochenende jedenfalls schon organisiert. Noch ein kleiner Tipp am Rande: macht Euch Einkaufslisten, was ihr wirklich braucht und wenn ihr f\u00fcr Ideen den Stoff sucht, dann nehmt ein Bild davon mit &#8211; sonst steht ihr vor den vielen Stoffballen und wisst pl\u00f6tzlich nicht mehr, was ihr eigentlich braucht. So ging&#8217;s mir n\u00e4mlich beim ersten Mal so :-)<\/p>\n<p>Bis bald, Tine :-)<\/p>\n<p>Link zum Organisator: <a title=\"Stoffmarkt Holland\" href=\"http:\/\/www.stoffmarktholland.de\/stoffmarkt\/index.php?option=com_content&amp;view=article&amp;id=31&amp;Itemid=22\" target=\"_blank\">Stoffmarkt Holland<\/a><\/p>\n","protected":false},"excerpt":{"rendered":"<p>Der\/Die eine oder andere hat sicherlich schon vom Stoffmarkt Holland geh\u00f6rt.\u00a0 Mehr als 100 holl\u00e4ndische Stoffanbieter, aber auch aus dem gesamten Bundesgebiet veranstalten diesen gro\u00dfen Stoffmarkt. Ich war die letzten beiden Jahre immer in&#46;&#46;&#46;<\/p>\n","protected":false},"author":2,"featured_media":0,"comment_status":"open","ping_status":"open","sticky":false,"template":"","format":"standard","meta":{"footnotes":""},"categories":[1,4],"tags":[8,25],"class_list":["post-639","post","type-post","status-publish","format-standard","hentry","category-own","category-stofflager","tag-nahen","tag-stoffmarkt"],"_links":{"self":[{"href":"https:\/\/www.tines-werkstatt.de\/index.php?rest_route=\/wp\/v2\/posts\/639"}],"collection":[{"href":"https:\/\/www.tines-werkstatt.de\/index.php?rest_route=\/wp\/v2\/posts"}],"about":[{"href":"https:\/\/www.tines-werkstatt.de\/index.php?rest_route=\/wp\/v2\/types\/post"}],"author":[{"embeddable":true,"href":"https:\/\/www.tines-werkstatt.de\/index.php?rest_route=\/wp\/v2\/users\/2"}],"replies":[{"embeddable":true,"href":"https:\/\/www.tines-werkstatt.de\/index.php?rest_route=%2Fwp%2Fv2%2Fcomments&post=639"}],"version-history":[{"count":8,"href":"https:\/\/www.tines-werkstatt.de\/index.php?rest_route=\/wp\/v2\/posts\/639\/revisions"}],"predecessor-version":[{"id":650,"href":"https:\/\/www.tines-werkstatt.de\/index.php?rest_route=\/wp\/v2\/posts\/639\/revisions\/650"}],"wp:attachment":[{"href":"https:\/\/www.tines-werkstatt.de\/index.php?rest_route=%2Fwp%2Fv2%2Fmedia&parent=639"}],"wp:term":[{"taxonomy":"category","embeddable":true,"href":"https:\/\/www.tines-werkstatt.de\/index.php?rest_route=%2Fwp%2Fv2%2Fcategories&post=639"},{"taxonomy":"post_tag","embeddable":true,"href":"https:\/\/www.tines-werkstatt.de\/index.php?rest_route=%2Fwp%2Fv2%2Ftags&post=639"}],"curies":[{"name":"wp","href":"https:\/\/api.w.org\/{rel}","templated":true}]}}