{"id":626,"date":"2012-05-01T05:51:46","date_gmt":"2012-05-01T05:51:46","guid":{"rendered":"http:\/\/www.tines-werkstatt.de\/?p=626"},"modified":"2019-01-07T18:34:43","modified_gmt":"2019-01-07T18:34:43","slug":"geschenk-fur-einen-eulen-fan","status":"publish","type":"post","link":"https:\/\/www.tines-werkstatt.de\/?p=626","title":{"rendered":"Geschenk f\u00fcr einen Eulen-Fan"},"content":{"rendered":"<p>Wir waren mal wieder auf der Suche nach einem Geschenk f\u00fcr jemanden, der sich zum Geburtstag nichts w\u00fcnscht :-) Eine kreative Idee war also gefragt. Da das Geburtstagskind ein langj\u00e4hriger Eulen-Fan ist, bin ich auf die Idee mit der applizierten Eule gekommen. Diese wurde in einem Bilderrahmen geklemmt und sieht nun so aus:<\/p>\n<p style=\"text-align: center;\">&nbsp;<a href=\"https:\/\/www.tines-werkstatt.de\/wp-content\/uploads\/2012\/04\/DSC05844_klein.jpg\"><img loading=\"lazy\" decoding=\"async\" width=\"150\" height=\"150\" title=\"DSC05844_klein\" class=\"aligncenter size-thumbnail wp-image-632\" alt=\"\" src=\"https:\/\/www.tines-werkstatt.de\/wp-content\/uploads\/2012\/04\/DSC05844_klein-150x150.jpg\" srcset=\"https:\/\/www.tines-werkstatt.de\/wp-content\/uploads\/2012\/04\/DSC05844_klein-150x150.jpg 150w, https:\/\/www.tines-werkstatt.de\/wp-content\/uploads\/2012\/04\/DSC05844_klein-200x200.jpg 200w\" sizes=\"(max-width: 150px) 100vw, 150px\" \/><\/a><\/p>\n<p>Nun bleibt zu hoffen, dass das Geschenk gut ankommt. Ich w\u00fcnsche Euch allen einen kreativen Feiertag!<\/p>\n<p>Bis bald, Tine :-)<\/p>\n","protected":false},"excerpt":{"rendered":"<p>Wir waren mal wieder auf der Suche nach einem Geschenk f\u00fcr jemanden, der sich zum Geburtstag nichts w\u00fcnscht :-) Eine kreative Idee war also gefragt. Da das Geburtstagskind ein langj\u00e4hriger Eulen-Fan ist, bin ich&#46;&#46;&#46;<\/p>\n","protected":false},"author":2,"featured_media":632,"comment_status":"open","ping_status":"open","sticky":false,"template":"","format":"standard","meta":{"footnotes":""},"categories":[62],"tags":[36,37,15,8],"class_list":["post-626","post","type-post","status-publish","format-standard","has-post-thumbnail","hentry","category-handmade","tag-applikationen","tag-genahtes-bild","tag-geschenke","tag-nahen"],"_links":{"self":[{"href":"https:\/\/www.tines-werkstatt.de\/index.php?rest_route=\/wp\/v2\/posts\/626"}],"collection":[{"href":"https:\/\/www.tines-werkstatt.de\/index.php?rest_route=\/wp\/v2\/posts"}],"about":[{"href":"https:\/\/www.tines-werkstatt.de\/index.php?rest_route=\/wp\/v2\/types\/post"}],"author":[{"embeddable":true,"href":"https:\/\/www.tines-werkstatt.de\/index.php?rest_route=\/wp\/v2\/users\/2"}],"replies":[{"embeddable":true,"href":"https:\/\/www.tines-werkstatt.de\/index.php?rest_route=%2Fwp%2Fv2%2Fcomments&post=626"}],"version-history":[{"count":13,"href":"https:\/\/www.tines-werkstatt.de\/index.php?rest_route=\/wp\/v2\/posts\/626\/revisions"}],"predecessor-version":[{"id":1681,"href":"https:\/\/www.tines-werkstatt.de\/index.php?rest_route=\/wp\/v2\/posts\/626\/revisions\/1681"}],"wp:featuredmedia":[{"embeddable":true,"href":"https:\/\/www.tines-werkstatt.de\/index.php?rest_route=\/wp\/v2\/media\/632"}],"wp:attachment":[{"href":"https:\/\/www.tines-werkstatt.de\/index.php?rest_route=%2Fwp%2Fv2%2Fmedia&parent=626"}],"wp:term":[{"taxonomy":"category","embeddable":true,"href":"https:\/\/www.tines-werkstatt.de\/index.php?rest_route=%2Fwp%2Fv2%2Fcategories&post=626"},{"taxonomy":"post_tag","embeddable":true,"href":"https:\/\/www.tines-werkstatt.de\/index.php?rest_route=%2Fwp%2Fv2%2Ftags&post=626"}],"curies":[{"name":"wp","href":"https:\/\/api.w.org\/{rel}","templated":true}]}}