{"id":605,"date":"2012-03-30T19:14:29","date_gmt":"2012-03-30T19:14:29","guid":{"rendered":"http:\/\/www.tines-werkstatt.de\/?p=605"},"modified":"2019-01-07T18:27:47","modified_gmt":"2019-01-07T18:27:47","slug":"fuchslein","status":"publish","type":"post","link":"https:\/\/www.tines-werkstatt.de\/?p=605","title":{"rendered":"F\u00fcchslein"},"content":{"rendered":"<p>Bei der Anzahl der Blogeintr\u00e4ge kommt der Verdacht auf, ich habe mein Hobby an den Nagel geh\u00e4ngt. Aber weit gefehlt. Ich bin beim Stricken und beim N\u00e4hen. Heute konnte ich nun endlich dieses kleine F\u00fcchslein fertigstellen:<\/p>\n<p style=\"text-align: center;\"><a href=\"https:\/\/www.tines-werkstatt.de\/wp-content\/uploads\/2012\/03\/fuchs_klein.jpg\"><img loading=\"lazy\" decoding=\"async\" width=\"150\" height=\"150\" title=\"fuchs_klein\" class=\"size-thumbnail wp-image-606 aligncenter\" alt=\"\" src=\"https:\/\/www.tines-werkstatt.de\/wp-content\/uploads\/2012\/03\/fuchs_klein-150x150.jpg\" srcset=\"https:\/\/www.tines-werkstatt.de\/wp-content\/uploads\/2012\/03\/fuchs_klein-150x150.jpg 150w, https:\/\/www.tines-werkstatt.de\/wp-content\/uploads\/2012\/03\/fuchs_klein-200x200.jpg 200w\" sizes=\"(max-width: 150px) 100vw, 150px\" \/><\/a><\/p>\n<p>Es ist nach dem Ebook von <a title=\"externer Link zu www.binenstich.de\" href=\"http:\/\/www.binenstich.de\" target=\"_blank\">binenstich<\/a> entstanden. Ich hoffe ich kann Euch bald mehr Ergebnisse pr\u00e4sentieren. Das Wetter soll ja wieder schlechter werden, da ergibt sich vielleicht die eine oder andere Gelegenheit um angefangene Dinge fertigzustellen :-)<\/p>\n<p>Bis bald, Tine :-)<\/p>\n","protected":false},"excerpt":{"rendered":"<p>Bei der Anzahl der Blogeintr\u00e4ge kommt der Verdacht auf, ich habe mein Hobby an den Nagel geh\u00e4ngt. Aber weit gefehlt. Ich bin beim Stricken und beim N\u00e4hen. Heute konnte ich nun endlich dieses kleine&#46;&#46;&#46;<\/p>\n","protected":false},"author":2,"featured_media":607,"comment_status":"open","ping_status":"open","sticky":false,"template":"","format":"standard","meta":{"footnotes":""},"categories":[62],"tags":[15,8],"class_list":["post-605","post","type-post","status-publish","format-standard","has-post-thumbnail","hentry","category-handmade","tag-geschenke","tag-nahen"],"_links":{"self":[{"href":"https:\/\/www.tines-werkstatt.de\/index.php?rest_route=\/wp\/v2\/posts\/605"}],"collection":[{"href":"https:\/\/www.tines-werkstatt.de\/index.php?rest_route=\/wp\/v2\/posts"}],"about":[{"href":"https:\/\/www.tines-werkstatt.de\/index.php?rest_route=\/wp\/v2\/types\/post"}],"author":[{"embeddable":true,"href":"https:\/\/www.tines-werkstatt.de\/index.php?rest_route=\/wp\/v2\/users\/2"}],"replies":[{"embeddable":true,"href":"https:\/\/www.tines-werkstatt.de\/index.php?rest_route=%2Fwp%2Fv2%2Fcomments&post=605"}],"version-history":[{"count":7,"href":"https:\/\/www.tines-werkstatt.de\/index.php?rest_route=\/wp\/v2\/posts\/605\/revisions"}],"predecessor-version":[{"id":1684,"href":"https:\/\/www.tines-werkstatt.de\/index.php?rest_route=\/wp\/v2\/posts\/605\/revisions\/1684"}],"wp:featuredmedia":[{"embeddable":true,"href":"https:\/\/www.tines-werkstatt.de\/index.php?rest_route=\/wp\/v2\/media\/607"}],"wp:attachment":[{"href":"https:\/\/www.tines-werkstatt.de\/index.php?rest_route=%2Fwp%2Fv2%2Fmedia&parent=605"}],"wp:term":[{"taxonomy":"category","embeddable":true,"href":"https:\/\/www.tines-werkstatt.de\/index.php?rest_route=%2Fwp%2Fv2%2Fcategories&post=605"},{"taxonomy":"post_tag","embeddable":true,"href":"https:\/\/www.tines-werkstatt.de\/index.php?rest_route=%2Fwp%2Fv2%2Ftags&post=605"}],"curies":[{"name":"wp","href":"https:\/\/api.w.org\/{rel}","templated":true}]}}