{"id":59,"date":"2010-11-24T22:06:06","date_gmt":"2010-11-24T22:06:06","guid":{"rendered":"http:\/\/www.tines-werkstatt.de\/wordpress\/?p=59"},"modified":"2010-11-25T18:35:30","modified_gmt":"2010-11-25T18:35:30","slug":"wie-alles-begann","status":"publish","type":"post","link":"https:\/\/www.tines-werkstatt.de\/?p=59","title":{"rendered":"Wie alles begann&#8230;"},"content":{"rendered":"<p>klingt immer sehr spektakul\u00e4r &#8211; das ist es bei mir aber gar nicht: Mit dem Bezug der gemeinsamen Wohnung Ende September 2007 ergaben sich recht schnell W\u00fcnsche nach Vorh\u00e4ngen in der K\u00fcche und nach einheitlichen Stuhlkissen. Bei einem unserer zahlreichen Besuche in dem bekannten schwedischen M\u00f6belhaus fanden wir auch den passen Stoff: l\u00e4ngsgestreift-rot-wei\u00df f\u00fcr die Vorh\u00e4nge und uni-rot f\u00fcr die Stuhlkissen. Das waren dann meine ersten N\u00e4harbeiten, die ich mit telefonischer Unterst\u00fczung meiner Mama nicht so einfach bew\u00e4ltigt h\u00e4tte :-) Im Juni 2010 habe ich dann im Internet mein &#8222;eigenes&#8220; W\u00e4schelabel geordert&#8230; Das N\u00e4hen ist und bleibt aber ein Hobby. Daher gibt es hier auch keinen Online-Shop. W\u00fcnsche in Form von Geschenken zu verschiedenen Anl\u00e4ssen k\u00f6nnen aber gern an mich geschickt werden :-)<\/p>\n","protected":false},"excerpt":{"rendered":"<p>klingt immer sehr spektakul\u00e4r &#8211; das ist es bei mir aber gar nicht: Mit dem Bezug der gemeinsamen Wohnung Ende September 2007 ergaben sich recht schnell W\u00fcnsche nach Vorh\u00e4ngen in der K\u00fcche und nach&#46;&#46;&#46;<\/p>\n","protected":false},"author":2,"featured_media":0,"comment_status":"open","ping_status":"open","sticky":false,"template":"","format":"standard","meta":{"footnotes":""},"categories":[1],"tags":[],"class_list":["post-59","post","type-post","status-publish","format-standard","hentry","category-own"],"_links":{"self":[{"href":"https:\/\/www.tines-werkstatt.de\/index.php?rest_route=\/wp\/v2\/posts\/59"}],"collection":[{"href":"https:\/\/www.tines-werkstatt.de\/index.php?rest_route=\/wp\/v2\/posts"}],"about":[{"href":"https:\/\/www.tines-werkstatt.de\/index.php?rest_route=\/wp\/v2\/types\/post"}],"author":[{"embeddable":true,"href":"https:\/\/www.tines-werkstatt.de\/index.php?rest_route=\/wp\/v2\/users\/2"}],"replies":[{"embeddable":true,"href":"https:\/\/www.tines-werkstatt.de\/index.php?rest_route=%2Fwp%2Fv2%2Fcomments&post=59"}],"version-history":[{"count":3,"href":"https:\/\/www.tines-werkstatt.de\/index.php?rest_route=\/wp\/v2\/posts\/59\/revisions"}],"predecessor-version":[{"id":63,"href":"https:\/\/www.tines-werkstatt.de\/index.php?rest_route=\/wp\/v2\/posts\/59\/revisions\/63"}],"wp:attachment":[{"href":"https:\/\/www.tines-werkstatt.de\/index.php?rest_route=%2Fwp%2Fv2%2Fmedia&parent=59"}],"wp:term":[{"taxonomy":"category","embeddable":true,"href":"https:\/\/www.tines-werkstatt.de\/index.php?rest_route=%2Fwp%2Fv2%2Fcategories&post=59"},{"taxonomy":"post_tag","embeddable":true,"href":"https:\/\/www.tines-werkstatt.de\/index.php?rest_route=%2Fwp%2Fv2%2Ftags&post=59"}],"curies":[{"name":"wp","href":"https:\/\/api.w.org\/{rel}","templated":true}]}}