{"id":565,"date":"2012-02-02T21:07:11","date_gmt":"2012-02-02T21:07:11","guid":{"rendered":"http:\/\/www.tines-werkstatt.de\/?p=565"},"modified":"2019-01-07T19:05:33","modified_gmt":"2019-01-07T19:05:33","slug":"warme-babymutze","status":"publish","type":"post","link":"https:\/\/www.tines-werkstatt.de\/?p=565","title":{"rendered":"Warme Babym\u00fctze"},"content":{"rendered":"<p>Die Temperaturen sind ja mittlerweile kalt genug (wir haben heute Abend schon &#8211; 18 C\u00b0 laut Thermometer auf dem Balkon) und so brauchen wir dringend ein neues warmes M\u00fctzchen. Angeregt \u00fcber einen Artikel zum neuen Stricktrend in der Apothekenzeitung &#8222;Baby und Familie&#8220; habe ich dieses erste Exemplar gestrickt:<\/p>\n<p style=\"text-align: center;\"><a href=\"https:\/\/www.tines-werkstatt.de\/wp-content\/uploads\/2012\/02\/DSC05408_klein.jpg\"><img loading=\"lazy\" decoding=\"async\" width=\"150\" height=\"150\" title=\"DSC05408_klein\" class=\"aligncenter size-thumbnail wp-image-567\" alt=\"\" src=\"https:\/\/www.tines-werkstatt.de\/wp-content\/uploads\/2012\/02\/DSC05408_klein-150x150.jpg\"><\/a><\/p>\n<p>Kleines Highlight ist das lustige Froschgesicht. Die kleine Tr\u00e4gerin der M\u00fctze hat diesen schon sichtlich interessiert angeschaut.&nbsp; Die M\u00fctze pa\u00dft wunderbar und geht auch gut \u00fcber die kleinen Ohren.<\/p>\n<p>Zum N\u00e4hen komme ich leider derzeit \u00fcberhaupt nicht. Daher muss auch der Bericht \u00fcber meinen Zuwachs im Maschinenpark noch warten.<\/p>\n<p>Bis bald, Tine :-)<\/p>\n","protected":false},"excerpt":{"rendered":"<p>Die Temperaturen sind ja mittlerweile kalt genug (wir haben heute Abend schon &#8211; 18 C\u00b0 laut Thermometer auf dem Balkon) und so brauchen wir dringend ein neues warmes M\u00fctzchen. Angeregt \u00fcber einen Artikel zum&#46;&#46;&#46;<\/p>\n","protected":false},"author":2,"featured_media":576,"comment_status":"open","ping_status":"open","sticky":false,"template":"","format":"standard","meta":{"footnotes":""},"categories":[62],"tags":[29,33,9],"class_list":["post-565","post","type-post","status-publish","format-standard","has-post-thumbnail","hentry","category-handmade","tag-babykram","tag-mutze","tag-stricken"],"_links":{"self":[{"href":"https:\/\/www.tines-werkstatt.de\/index.php?rest_route=\/wp\/v2\/posts\/565"}],"collection":[{"href":"https:\/\/www.tines-werkstatt.de\/index.php?rest_route=\/wp\/v2\/posts"}],"about":[{"href":"https:\/\/www.tines-werkstatt.de\/index.php?rest_route=\/wp\/v2\/types\/post"}],"author":[{"embeddable":true,"href":"https:\/\/www.tines-werkstatt.de\/index.php?rest_route=\/wp\/v2\/users\/2"}],"replies":[{"embeddable":true,"href":"https:\/\/www.tines-werkstatt.de\/index.php?rest_route=%2Fwp%2Fv2%2Fcomments&post=565"}],"version-history":[{"count":7,"href":"https:\/\/www.tines-werkstatt.de\/index.php?rest_route=\/wp\/v2\/posts\/565\/revisions"}],"predecessor-version":[{"id":1718,"href":"https:\/\/www.tines-werkstatt.de\/index.php?rest_route=\/wp\/v2\/posts\/565\/revisions\/1718"}],"wp:featuredmedia":[{"embeddable":true,"href":"https:\/\/www.tines-werkstatt.de\/index.php?rest_route=\/wp\/v2\/media\/576"}],"wp:attachment":[{"href":"https:\/\/www.tines-werkstatt.de\/index.php?rest_route=%2Fwp%2Fv2%2Fmedia&parent=565"}],"wp:term":[{"taxonomy":"category","embeddable":true,"href":"https:\/\/www.tines-werkstatt.de\/index.php?rest_route=%2Fwp%2Fv2%2Fcategories&post=565"},{"taxonomy":"post_tag","embeddable":true,"href":"https:\/\/www.tines-werkstatt.de\/index.php?rest_route=%2Fwp%2Fv2%2Ftags&post=565"}],"curies":[{"name":"wp","href":"https:\/\/api.w.org\/{rel}","templated":true}]}}