{"id":490,"date":"2011-08-28T15:31:12","date_gmt":"2011-08-28T15:31:12","guid":{"rendered":"http:\/\/www.tines-werkstatt.de\/?p=490"},"modified":"2019-01-07T19:08:58","modified_gmt":"2019-01-07T19:08:58","slug":"neue-kinderstoffe","status":"publish","type":"post","link":"https:\/\/www.tines-werkstatt.de\/?p=490","title":{"rendered":"neue Kinderstoffe"},"content":{"rendered":"<p>Bei Dawanda werde ich immer wieder f\u00fcndig. Da ich nicht wei\u00df, wann ich das n\u00e4chste Mal auf einen Stoffmarkt komme, habe ich diese beiden sch\u00f6ne Kinderstoffe erstanden:<\/p>\n<p style=\"text-align: center;\"><a href=\"https:\/\/www.tines-werkstatt.de\/wp-content\/uploads\/2011\/08\/DSC04293_klein.jpg\"><img loading=\"lazy\" decoding=\"async\" width=\"150\" height=\"150\" title=\"DSC04293_klein\" class=\"size-thumbnail wp-image-491 aligncenter\" alt=\"\" src=\"https:\/\/www.tines-werkstatt.de\/wp-content\/uploads\/2011\/08\/DSC04293_klein-150x150.jpg\"><\/a><\/p>\n<p>Beide Stoffe sind ganz weich und f\u00fcr Kindersachen in kleinen Gr\u00f6\u00dfen gut geeignet :-) Mal sehn, was daraus entsteht. Ich werde Euch berichten. Bis bald, Tine :-)<\/p>\n","protected":false},"excerpt":{"rendered":"<p>Bei Dawanda werde ich immer wieder f\u00fcndig. Da ich nicht wei\u00df, wann ich das n\u00e4chste Mal auf einen Stoffmarkt komme, habe ich diese beiden sch\u00f6ne Kinderstoffe erstanden: Beide Stoffe sind ganz weich und f\u00fcr&#46;&#46;&#46;<\/p>\n","protected":false},"author":2,"featured_media":491,"comment_status":"open","ping_status":"open","sticky":false,"template":"","format":"standard","meta":{"footnotes":""},"categories":[4],"tags":[8,13],"class_list":["post-490","post","type-post","status-publish","format-standard","has-post-thumbnail","hentry","category-stofflager","tag-nahen","tag-stoffe"],"_links":{"self":[{"href":"https:\/\/www.tines-werkstatt.de\/index.php?rest_route=\/wp\/v2\/posts\/490"}],"collection":[{"href":"https:\/\/www.tines-werkstatt.de\/index.php?rest_route=\/wp\/v2\/posts"}],"about":[{"href":"https:\/\/www.tines-werkstatt.de\/index.php?rest_route=\/wp\/v2\/types\/post"}],"author":[{"embeddable":true,"href":"https:\/\/www.tines-werkstatt.de\/index.php?rest_route=\/wp\/v2\/users\/2"}],"replies":[{"embeddable":true,"href":"https:\/\/www.tines-werkstatt.de\/index.php?rest_route=%2Fwp%2Fv2%2Fcomments&post=490"}],"version-history":[{"count":3,"href":"https:\/\/www.tines-werkstatt.de\/index.php?rest_route=\/wp\/v2\/posts\/490\/revisions"}],"predecessor-version":[{"id":1722,"href":"https:\/\/www.tines-werkstatt.de\/index.php?rest_route=\/wp\/v2\/posts\/490\/revisions\/1722"}],"wp:featuredmedia":[{"embeddable":true,"href":"https:\/\/www.tines-werkstatt.de\/index.php?rest_route=\/wp\/v2\/media\/491"}],"wp:attachment":[{"href":"https:\/\/www.tines-werkstatt.de\/index.php?rest_route=%2Fwp%2Fv2%2Fmedia&parent=490"}],"wp:term":[{"taxonomy":"category","embeddable":true,"href":"https:\/\/www.tines-werkstatt.de\/index.php?rest_route=%2Fwp%2Fv2%2Fcategories&post=490"},{"taxonomy":"post_tag","embeddable":true,"href":"https:\/\/www.tines-werkstatt.de\/index.php?rest_route=%2Fwp%2Fv2%2Ftags&post=490"}],"curies":[{"name":"wp","href":"https:\/\/api.w.org\/{rel}","templated":true}]}}