{"id":457,"date":"2011-07-31T16:16:12","date_gmt":"2011-07-31T16:16:12","guid":{"rendered":"http:\/\/www.tines-werkstatt.de\/?p=457"},"modified":"2019-01-07T19:14:46","modified_gmt":"2019-01-07T19:14:46","slug":"aus-dem-sommerschlussverkauf","status":"publish","type":"post","link":"https:\/\/www.tines-werkstatt.de\/?p=457","title":{"rendered":"aus dem Sommerschlussverkauf"},"content":{"rendered":"<p>Auch bei <a title=\"Link zu DaWanda\" href=\"http:\/\/de.dawanda.com\/\" target=\"_blank\">DaWanda<\/a> ist in so manchem Shop gerade Sommerschlussverkauf. Das freut das Herz der N\u00e4herin nat\u00fcrlich sehr und so habe ich letztes Wochenende dann auch ein paar nette Kinderstoffe erstanden:<\/p>\n<p style=\"text-align: center;\"><a href=\"https:\/\/www.tines-werkstatt.de\/wp-content\/uploads\/2011\/07\/DSC04237_klein.jpg\"><\/a><a href=\"https:\/\/www.tines-werkstatt.de\/wp-content\/uploads\/2011\/07\/DSC04237_klein.jpg\"><img loading=\"lazy\" decoding=\"async\" width=\"150\" height=\"150\" title=\"DSC04237_klein\" class=\"alignnone size-thumbnail wp-image-459\" alt=\"\" src=\"https:\/\/www.tines-werkstatt.de\/wp-content\/uploads\/2011\/07\/DSC04237_klein-150x150.jpg\"><\/a><a href=\"https:\/\/www.tines-werkstatt.de\/wp-content\/uploads\/2011\/07\/DSC04238_klein.jpg\"> <img loading=\"lazy\" decoding=\"async\" width=\"150\" height=\"150\" title=\"DSC04238_klein\" class=\"alignnone size-thumbnail wp-image-458\" alt=\"\" src=\"https:\/\/www.tines-werkstatt.de\/wp-content\/uploads\/2011\/07\/DSC04238_klein-150x150.jpg\"><\/a><\/p>\n<p>Daf\u00fcr bin ich gestern trotz des Dauerregens auf die Post gestiefelt und habe mein P\u00e4ckchen geholt. Es ist immer so sch\u00f6n diese auszupacken :-) Die ersten Projekte dazu sind schon in meinem Kopf &#8211; sicherlich k\u00f6nnt ihr hier bald das Eine oder Andere entdecken. Tine :-)<\/p>\n","protected":false},"excerpt":{"rendered":"<p>Auch bei DaWanda ist in so manchem Shop gerade Sommerschlussverkauf. Das freut das Herz der N\u00e4herin nat\u00fcrlich sehr und so habe ich letztes Wochenende dann auch ein paar nette Kinderstoffe erstanden: Daf\u00fcr bin ich&#46;&#46;&#46;<\/p>\n","protected":false},"author":2,"featured_media":459,"comment_status":"open","ping_status":"open","sticky":false,"template":"","format":"standard","meta":{"footnotes":""},"categories":[4],"tags":[8,13],"class_list":["post-457","post","type-post","status-publish","format-standard","has-post-thumbnail","hentry","category-stofflager","tag-nahen","tag-stoffe"],"_links":{"self":[{"href":"https:\/\/www.tines-werkstatt.de\/index.php?rest_route=\/wp\/v2\/posts\/457"}],"collection":[{"href":"https:\/\/www.tines-werkstatt.de\/index.php?rest_route=\/wp\/v2\/posts"}],"about":[{"href":"https:\/\/www.tines-werkstatt.de\/index.php?rest_route=\/wp\/v2\/types\/post"}],"author":[{"embeddable":true,"href":"https:\/\/www.tines-werkstatt.de\/index.php?rest_route=\/wp\/v2\/users\/2"}],"replies":[{"embeddable":true,"href":"https:\/\/www.tines-werkstatt.de\/index.php?rest_route=%2Fwp%2Fv2%2Fcomments&post=457"}],"version-history":[{"count":5,"href":"https:\/\/www.tines-werkstatt.de\/index.php?rest_route=\/wp\/v2\/posts\/457\/revisions"}],"predecessor-version":[{"id":1730,"href":"https:\/\/www.tines-werkstatt.de\/index.php?rest_route=\/wp\/v2\/posts\/457\/revisions\/1730"}],"wp:featuredmedia":[{"embeddable":true,"href":"https:\/\/www.tines-werkstatt.de\/index.php?rest_route=\/wp\/v2\/media\/459"}],"wp:attachment":[{"href":"https:\/\/www.tines-werkstatt.de\/index.php?rest_route=%2Fwp%2Fv2%2Fmedia&parent=457"}],"wp:term":[{"taxonomy":"category","embeddable":true,"href":"https:\/\/www.tines-werkstatt.de\/index.php?rest_route=%2Fwp%2Fv2%2Fcategories&post=457"},{"taxonomy":"post_tag","embeddable":true,"href":"https:\/\/www.tines-werkstatt.de\/index.php?rest_route=%2Fwp%2Fv2%2Ftags&post=457"}],"curies":[{"name":"wp","href":"https:\/\/api.w.org\/{rel}","templated":true}]}}