{"id":445,"date":"2011-07-24T07:52:46","date_gmt":"2011-07-24T07:52:46","guid":{"rendered":"http:\/\/www.tines-werkstatt.de\/?p=445"},"modified":"2019-01-07T18:30:11","modified_gmt":"2019-01-07T18:30:11","slug":"kleine-stadttasche","status":"publish","type":"post","link":"https:\/\/www.tines-werkstatt.de\/?p=445","title":{"rendered":"Kleine Stadttasche"},"content":{"rendered":"<p style=\"text-align: left;\">Diese neue Tasche ist nach Anleitung aus dem Buch &#8222;Tolle Taschen selbst gen\u00e4ht&#8220; von Miriam Dornemann entstanden. Sie hat eine sch\u00f6ne Gr\u00f6\u00dfe als leichte Tasche f\u00fcr einen Stadtbummel oder einen Spaziergang. Geldb\u00f6rse, Taschentuch &amp; Handy finden auf alle F\u00e4lle Platz:<\/p>\n<p style=\"text-align: left;\"><a href=\"https:\/\/www.tines-werkstatt.de\/wp-content\/uploads\/2011\/07\/DSC04165_klein.jpg\"><img loading=\"lazy\" decoding=\"async\" width=\"492\" height=\"369\" title=\"DSC04165_klein\" class=\"aligncenter size-full wp-image-447\" alt=\"\" src=\"https:\/\/www.tines-werkstatt.de\/wp-content\/uploads\/2011\/07\/DSC04165_klein.jpg\" srcset=\"https:\/\/www.tines-werkstatt.de\/wp-content\/uploads\/2011\/07\/DSC04165_klein.jpg 492w, https:\/\/www.tines-werkstatt.de\/wp-content\/uploads\/2011\/07\/DSC04165_klein-300x225.jpg 300w\" sizes=\"(max-width: 492px) 100vw, 492px\" \/><\/a><a href=\"https:\/\/www.tines-werkstatt.de\/wp-content\/uploads\/2011\/07\/DSC04166_klein.jpg\"><img loading=\"lazy\" decoding=\"async\" width=\"150\" height=\"150\" title=\"DSC04166_klein\" class=\"aligncenter size-thumbnail wp-image-448\" alt=\"\" src=\"https:\/\/www.tines-werkstatt.de\/wp-content\/uploads\/2011\/07\/DSC04166_klein-150x150.jpg\"><\/a><a href=\"https:\/\/www.tines-werkstatt.de\/wp-content\/uploads\/2011\/07\/DSC04174_klein.jpg\"><img loading=\"lazy\" decoding=\"async\" width=\"150\" height=\"150\" title=\"DSC04174_klein\" class=\"aligncenter size-thumbnail wp-image-446\" alt=\"\" src=\"https:\/\/www.tines-werkstatt.de\/wp-content\/uploads\/2011\/07\/DSC04174_klein-150x150.jpg\"><\/a><\/p>\n<p>Bereits auf dem Stoffmarkt in F\u00fcrth hatte ich nach passendem Stoff und B\u00e4ndern geschaut. Nur die Henkel habe ich leicht abgewandelt &#8211; ich habe auf die Karabinerhaken und die gro\u00dfen \u00d6sen verzichtet und den Trageriemen direkt an der Tasche befestigt.<\/p>\n<p>Einen sch\u00f6nen Sonntag! Tine :-)<\/p>\n","protected":false},"excerpt":{"rendered":"<p>Diese neue Tasche ist nach Anleitung aus dem Buch &#8222;Tolle Taschen selbst gen\u00e4ht&#8220; von Miriam Dornemann entstanden. Sie hat eine sch\u00f6ne Gr\u00f6\u00dfe als leichte Tasche f\u00fcr einen Stadtbummel oder einen Spaziergang. Geldb\u00f6rse, Taschentuch &amp;&#46;&#46;&#46;<\/p>\n","protected":false},"author":2,"featured_media":447,"comment_status":"open","ping_status":"open","sticky":false,"template":"","format":"standard","meta":{"footnotes":""},"categories":[62],"tags":[15,8,10],"class_list":["post-445","post","type-post","status-publish","format-standard","has-post-thumbnail","hentry","category-handmade","tag-geschenke","tag-nahen","tag-tasche"],"_links":{"self":[{"href":"https:\/\/www.tines-werkstatt.de\/index.php?rest_route=\/wp\/v2\/posts\/445"}],"collection":[{"href":"https:\/\/www.tines-werkstatt.de\/index.php?rest_route=\/wp\/v2\/posts"}],"about":[{"href":"https:\/\/www.tines-werkstatt.de\/index.php?rest_route=\/wp\/v2\/types\/post"}],"author":[{"embeddable":true,"href":"https:\/\/www.tines-werkstatt.de\/index.php?rest_route=\/wp\/v2\/users\/2"}],"replies":[{"embeddable":true,"href":"https:\/\/www.tines-werkstatt.de\/index.php?rest_route=%2Fwp%2Fv2%2Fcomments&post=445"}],"version-history":[{"count":9,"href":"https:\/\/www.tines-werkstatt.de\/index.php?rest_route=\/wp\/v2\/posts\/445\/revisions"}],"predecessor-version":[{"id":1692,"href":"https:\/\/www.tines-werkstatt.de\/index.php?rest_route=\/wp\/v2\/posts\/445\/revisions\/1692"}],"wp:featuredmedia":[{"embeddable":true,"href":"https:\/\/www.tines-werkstatt.de\/index.php?rest_route=\/wp\/v2\/media\/447"}],"wp:attachment":[{"href":"https:\/\/www.tines-werkstatt.de\/index.php?rest_route=%2Fwp%2Fv2%2Fmedia&parent=445"}],"wp:term":[{"taxonomy":"category","embeddable":true,"href":"https:\/\/www.tines-werkstatt.de\/index.php?rest_route=%2Fwp%2Fv2%2Fcategories&post=445"},{"taxonomy":"post_tag","embeddable":true,"href":"https:\/\/www.tines-werkstatt.de\/index.php?rest_route=%2Fwp%2Fv2%2Ftags&post=445"}],"curies":[{"name":"wp","href":"https:\/\/api.w.org\/{rel}","templated":true}]}}