{"id":42,"date":"2010-11-24T21:36:32","date_gmt":"2010-11-24T21:36:32","guid":{"rendered":"http:\/\/www.tines-werkstatt.de\/wordpress\/?p=42"},"modified":"2011-05-07T18:09:40","modified_gmt":"2011-05-07T18:09:40","slug":"mein-arbeitsplatz","status":"publish","type":"post","link":"https:\/\/www.tines-werkstatt.de\/?p=42","title":{"rendered":"Mein Arbeitsplatz"},"content":{"rendered":"<p>Anfangs habe ich immer das Wohnzimmer in die N\u00e4hstube verwandelt &#8211; das war mir mit der Zeit allerdings zu aufwendig. Unser Schlafzimmer ist gl\u00fccklicherweise recht gro\u00df und so wurde aus dem einstigen Beistelltisch aus dem Keller meine N\u00e4hstube im Schlafzimmer. Mein lieber Mann hat mir nun auch noch eine tolle Beleuchtung gebaut.<\/p>\n<p style=\"text-align: center;\"><a href=\"https:\/\/www.tines-werkstatt.de\/wp-content\/uploads\/2010\/11\/DSC03076_klein.jpg\"><img loading=\"lazy\" decoding=\"async\" class=\"size-thumbnail wp-image-43 aligncenter\" title=\"neue Werkstatt-Beleuchtung\" src=\"https:\/\/www.tines-werkstatt.de\/wp-content\/uploads\/2010\/11\/DSC03076_klein-150x150.jpg\" alt=\"\" width=\"150\" height=\"113\" srcset=\"https:\/\/www.tines-werkstatt.de\/wp-content\/uploads\/2010\/11\/DSC03076_klein-300x225.jpg 300w, https:\/\/www.tines-werkstatt.de\/wp-content\/uploads\/2010\/11\/DSC03076_klein.jpg 492w\" sizes=\"(max-width: 150px) 100vw, 150px\" \/><\/a><\/p>\n","protected":false},"excerpt":{"rendered":"<p>Anfangs habe ich immer das Wohnzimmer in die N\u00e4hstube verwandelt &#8211; das war mir mit der Zeit allerdings zu aufwendig. Unser Schlafzimmer ist gl\u00fccklicherweise recht gro\u00df und so wurde aus dem einstigen Beistelltisch aus&#46;&#46;&#46;<\/p>\n","protected":false},"author":2,"featured_media":0,"comment_status":"open","ping_status":"open","sticky":false,"template":"","format":"standard","meta":{"footnotes":""},"categories":[3],"tags":[17],"class_list":["post-42","post","type-post","status-publish","format-standard","hentry","category-werkstattbilder","tag-werkstatt"],"_links":{"self":[{"href":"https:\/\/www.tines-werkstatt.de\/index.php?rest_route=\/wp\/v2\/posts\/42"}],"collection":[{"href":"https:\/\/www.tines-werkstatt.de\/index.php?rest_route=\/wp\/v2\/posts"}],"about":[{"href":"https:\/\/www.tines-werkstatt.de\/index.php?rest_route=\/wp\/v2\/types\/post"}],"author":[{"embeddable":true,"href":"https:\/\/www.tines-werkstatt.de\/index.php?rest_route=\/wp\/v2\/users\/2"}],"replies":[{"embeddable":true,"href":"https:\/\/www.tines-werkstatt.de\/index.php?rest_route=%2Fwp%2Fv2%2Fcomments&post=42"}],"version-history":[{"count":8,"href":"https:\/\/www.tines-werkstatt.de\/index.php?rest_route=\/wp\/v2\/posts\/42\/revisions"}],"predecessor-version":[{"id":344,"href":"https:\/\/www.tines-werkstatt.de\/index.php?rest_route=\/wp\/v2\/posts\/42\/revisions\/344"}],"wp:attachment":[{"href":"https:\/\/www.tines-werkstatt.de\/index.php?rest_route=%2Fwp%2Fv2%2Fmedia&parent=42"}],"wp:term":[{"taxonomy":"category","embeddable":true,"href":"https:\/\/www.tines-werkstatt.de\/index.php?rest_route=%2Fwp%2Fv2%2Fcategories&post=42"},{"taxonomy":"post_tag","embeddable":true,"href":"https:\/\/www.tines-werkstatt.de\/index.php?rest_route=%2Fwp%2Fv2%2Ftags&post=42"}],"curies":[{"name":"wp","href":"https:\/\/api.w.org\/{rel}","templated":true}]}}