{"id":382,"date":"2011-05-18T05:20:05","date_gmt":"2011-05-18T05:20:05","guid":{"rendered":"http:\/\/www.tines-werkstatt.de\/?p=382"},"modified":"2019-01-07T19:15:19","modified_gmt":"2019-01-07T19:15:19","slug":"stoffparadies-in-furth","status":"publish","type":"post","link":"https:\/\/www.tines-werkstatt.de\/?p=382","title":{"rendered":"Stoffparadies in F\u00fcrth"},"content":{"rendered":"<p>Am letzten Samstag war wieder der Holland-Stoffmarkt in F\u00fcrth. Auch wenn mit 2h Anreise der Weg etwas l\u00e4nger ist, ich war dabei :-) Ich wei\u00df gar nicht genau wieviel H\u00e4ndler das immer sind: es sind jedenfalls viele und es gibt reichlich Auswahl. Daher f\u00e4llt mir die Entscheidung &#8211; was kauf ich und was nicht &#8211; immer sehr schwer. Gl\u00fccklicherweise hatte ich schon einige neuen N\u00e4hprojekte im Kopf, so dass ich das eine oder andere ganz gezielt suchen konnte. Das ist die Ausbeute:<\/p>\n<p><a href=\"https:\/\/www.tines-werkstatt.de\/wp-content\/uploads\/2011\/05\/DSC03890_stitch_klein.jpg\"><img loading=\"lazy\" decoding=\"async\" width=\"433\" height=\"369\" title=\"DSC03890_stitch_klein\" class=\"aligncenter size-full wp-image-383\" alt=\"\" src=\"https:\/\/www.tines-werkstatt.de\/wp-content\/uploads\/2011\/05\/DSC03890_stitch_klein.jpg\" srcset=\"https:\/\/www.tines-werkstatt.de\/wp-content\/uploads\/2011\/05\/DSC03890_stitch_klein.jpg 433w, https:\/\/www.tines-werkstatt.de\/wp-content\/uploads\/2011\/05\/DSC03890_stitch_klein-300x255.jpg 300w\" sizes=\"(max-width: 433px) 100vw, 433px\" \/><\/a><\/p>\n<p>Es sieht irgendwie nicht viel aus &#8211; aber es ist hart erabeitet :-)<\/p>\n<p>Bis bald, Tine :-)<\/p>\n","protected":false},"excerpt":{"rendered":"<p>Am letzten Samstag war wieder der Holland-Stoffmarkt in F\u00fcrth. Auch wenn mit 2h Anreise der Weg etwas l\u00e4nger ist, ich war dabei :-) Ich wei\u00df gar nicht genau wieviel H\u00e4ndler das immer sind: es&#46;&#46;&#46;<\/p>\n","protected":false},"author":2,"featured_media":383,"comment_status":"open","ping_status":"open","sticky":false,"template":"","format":"standard","meta":{"footnotes":""},"categories":[4],"tags":[13,25],"class_list":["post-382","post","type-post","status-publish","format-standard","has-post-thumbnail","hentry","category-stofflager","tag-stoffe","tag-stoffmarkt"],"_links":{"self":[{"href":"https:\/\/www.tines-werkstatt.de\/index.php?rest_route=\/wp\/v2\/posts\/382"}],"collection":[{"href":"https:\/\/www.tines-werkstatt.de\/index.php?rest_route=\/wp\/v2\/posts"}],"about":[{"href":"https:\/\/www.tines-werkstatt.de\/index.php?rest_route=\/wp\/v2\/types\/post"}],"author":[{"embeddable":true,"href":"https:\/\/www.tines-werkstatt.de\/index.php?rest_route=\/wp\/v2\/users\/2"}],"replies":[{"embeddable":true,"href":"https:\/\/www.tines-werkstatt.de\/index.php?rest_route=%2Fwp%2Fv2%2Fcomments&post=382"}],"version-history":[{"count":3,"href":"https:\/\/www.tines-werkstatt.de\/index.php?rest_route=\/wp\/v2\/posts\/382\/revisions"}],"predecessor-version":[{"id":1731,"href":"https:\/\/www.tines-werkstatt.de\/index.php?rest_route=\/wp\/v2\/posts\/382\/revisions\/1731"}],"wp:featuredmedia":[{"embeddable":true,"href":"https:\/\/www.tines-werkstatt.de\/index.php?rest_route=\/wp\/v2\/media\/383"}],"wp:attachment":[{"href":"https:\/\/www.tines-werkstatt.de\/index.php?rest_route=%2Fwp%2Fv2%2Fmedia&parent=382"}],"wp:term":[{"taxonomy":"category","embeddable":true,"href":"https:\/\/www.tines-werkstatt.de\/index.php?rest_route=%2Fwp%2Fv2%2Fcategories&post=382"},{"taxonomy":"post_tag","embeddable":true,"href":"https:\/\/www.tines-werkstatt.de\/index.php?rest_route=%2Fwp%2Fv2%2Ftags&post=382"}],"curies":[{"name":"wp","href":"https:\/\/api.w.org\/{rel}","templated":true}]}}