{"id":370,"date":"2011-05-08T09:26:56","date_gmt":"2011-05-08T09:26:56","guid":{"rendered":"http:\/\/www.tines-werkstatt.de\/?p=370"},"modified":"2019-01-07T18:31:41","modified_gmt":"2019-01-07T18:31:41","slug":"deko-herz-von-line","status":"publish","type":"post","link":"https:\/\/www.tines-werkstatt.de\/?p=370","title":{"rendered":"Deko-Herz"},"content":{"rendered":"<p>Dieses sch\u00f6ne Herz ist ebenfalls in der Ferienwoche entstanden und ist ein Geschenk an meine Schwester. Auf der R\u00fcckseite ist das Herz dunkelbraun und sollte daher schon allein farbm\u00e4\u00dfig genau nach dem Geschmack meiner Schwester sein.<\/p>\n<p><a href=\"https:\/\/www.tines-werkstatt.de\/wp-content\/uploads\/2011\/05\/IMG_4584_klein.jpg\"><img loading=\"lazy\" decoding=\"async\" width=\"492\" height=\"328\" title=\"IMG_4584_klein\" class=\"aligncenter size-full wp-image-371\" alt=\"\" src=\"https:\/\/www.tines-werkstatt.de\/wp-content\/uploads\/2011\/05\/IMG_4584_klein.jpg\" srcset=\"https:\/\/www.tines-werkstatt.de\/wp-content\/uploads\/2011\/05\/IMG_4584_klein.jpg 492w, https:\/\/www.tines-werkstatt.de\/wp-content\/uploads\/2011\/05\/IMG_4584_klein-300x200.jpg 300w\" sizes=\"(max-width: 492px) 100vw, 492px\" \/><\/a><\/p>\n","protected":false},"excerpt":{"rendered":"<p>Dieses sch\u00f6ne Herz ist ebenfalls in der Ferienwoche entstanden und ist ein Geschenk an meine Schwester. Auf der R\u00fcckseite ist das Herz dunkelbraun und sollte daher schon allein farbm\u00e4\u00dfig genau nach dem Geschmack meiner&#46;&#46;&#46;<\/p>\n","protected":false},"author":2,"featured_media":371,"comment_status":"open","ping_status":"open","sticky":false,"template":"","format":"standard","meta":{"footnotes":""},"categories":[62],"tags":[24,15,8],"class_list":["post-370","post","type-post","status-publish","format-standard","has-post-thumbnail","hentry","category-handmade","tag-deko","tag-geschenke","tag-nahen"],"_links":{"self":[{"href":"https:\/\/www.tines-werkstatt.de\/index.php?rest_route=\/wp\/v2\/posts\/370"}],"collection":[{"href":"https:\/\/www.tines-werkstatt.de\/index.php?rest_route=\/wp\/v2\/posts"}],"about":[{"href":"https:\/\/www.tines-werkstatt.de\/index.php?rest_route=\/wp\/v2\/types\/post"}],"author":[{"embeddable":true,"href":"https:\/\/www.tines-werkstatt.de\/index.php?rest_route=\/wp\/v2\/users\/2"}],"replies":[{"embeddable":true,"href":"https:\/\/www.tines-werkstatt.de\/index.php?rest_route=%2Fwp%2Fv2%2Fcomments&post=370"}],"version-history":[{"count":7,"href":"https:\/\/www.tines-werkstatt.de\/index.php?rest_route=\/wp\/v2\/posts\/370\/revisions"}],"predecessor-version":[{"id":1698,"href":"https:\/\/www.tines-werkstatt.de\/index.php?rest_route=\/wp\/v2\/posts\/370\/revisions\/1698"}],"wp:featuredmedia":[{"embeddable":true,"href":"https:\/\/www.tines-werkstatt.de\/index.php?rest_route=\/wp\/v2\/media\/371"}],"wp:attachment":[{"href":"https:\/\/www.tines-werkstatt.de\/index.php?rest_route=%2Fwp%2Fv2%2Fmedia&parent=370"}],"wp:term":[{"taxonomy":"category","embeddable":true,"href":"https:\/\/www.tines-werkstatt.de\/index.php?rest_route=%2Fwp%2Fv2%2Fcategories&post=370"},{"taxonomy":"post_tag","embeddable":true,"href":"https:\/\/www.tines-werkstatt.de\/index.php?rest_route=%2Fwp%2Fv2%2Ftags&post=370"}],"curies":[{"name":"wp","href":"https:\/\/api.w.org\/{rel}","templated":true}]}}