{"id":308,"date":"2011-04-17T18:50:14","date_gmt":"2011-04-17T18:50:14","guid":{"rendered":"http:\/\/www.tines-werkstatt.de\/?p=308"},"modified":"2019-01-07T19:16:48","modified_gmt":"2019-01-07T19:16:48","slug":"stoffauswahl-fur-madchen-tasche","status":"publish","type":"post","link":"https:\/\/www.tines-werkstatt.de\/?p=308","title":{"rendered":"Stoffauswahl f\u00fcr M\u00e4dchen-Tasche"},"content":{"rendered":"<p>Am Ende soll es eine Kindergartentasche f\u00fcr ein kleines M\u00e4dchen werden. Hier 2 Bilder zur Stoffauswahl.<br \/>\n<a href=\"https:\/\/www.tines-werkstatt.de\/wp-content\/uploads\/2011\/04\/DSC03807_klein.jpg\"><img loading=\"lazy\" decoding=\"async\" width=\"150\" height=\"150\" title=\"DSC03807_klein\" class=\"aligncenter size-thumbnail wp-image-310\" alt=\"\" src=\"https:\/\/www.tines-werkstatt.de\/wp-content\/uploads\/2011\/04\/DSC03807_klein-150x150.jpg\"><\/a><a href=\"https:\/\/www.tines-werkstatt.de\/wp-content\/uploads\/2011\/04\/DSC03810_klein.jpg\"><img loading=\"lazy\" decoding=\"async\" width=\"150\" height=\"150\" title=\"DSC03810_klein\" class=\"aligncenter size-thumbnail wp-image-309\" alt=\"\" src=\"https:\/\/www.tines-werkstatt.de\/wp-content\/uploads\/2011\/04\/DSC03810_klein-150x150.jpg\"><\/a><br \/>\nDas Ergebnis gibts dann bald hier zu sehen.<\/p>\n","protected":false},"excerpt":{"rendered":"<p>Am Ende soll es eine Kindergartentasche f\u00fcr ein kleines M\u00e4dchen werden. Hier 2 Bilder zur Stoffauswahl. Das Ergebnis gibts dann bald hier zu sehen.<\/p>\n","protected":false},"author":2,"featured_media":310,"comment_status":"open","ping_status":"open","sticky":false,"template":"","format":"standard","meta":{"footnotes":""},"categories":[4],"tags":[21,13,10],"class_list":["post-308","post","type-post","status-publish","format-standard","has-post-thumbnail","hentry","category-stofflager","tag-kinder-tasche","tag-stoffe","tag-tasche"],"_links":{"self":[{"href":"https:\/\/www.tines-werkstatt.de\/index.php?rest_route=\/wp\/v2\/posts\/308"}],"collection":[{"href":"https:\/\/www.tines-werkstatt.de\/index.php?rest_route=\/wp\/v2\/posts"}],"about":[{"href":"https:\/\/www.tines-werkstatt.de\/index.php?rest_route=\/wp\/v2\/types\/post"}],"author":[{"embeddable":true,"href":"https:\/\/www.tines-werkstatt.de\/index.php?rest_route=\/wp\/v2\/users\/2"}],"replies":[{"embeddable":true,"href":"https:\/\/www.tines-werkstatt.de\/index.php?rest_route=%2Fwp%2Fv2%2Fcomments&post=308"}],"version-history":[{"count":6,"href":"https:\/\/www.tines-werkstatt.de\/index.php?rest_route=\/wp\/v2\/posts\/308\/revisions"}],"predecessor-version":[{"id":1732,"href":"https:\/\/www.tines-werkstatt.de\/index.php?rest_route=\/wp\/v2\/posts\/308\/revisions\/1732"}],"wp:featuredmedia":[{"embeddable":true,"href":"https:\/\/www.tines-werkstatt.de\/index.php?rest_route=\/wp\/v2\/media\/310"}],"wp:attachment":[{"href":"https:\/\/www.tines-werkstatt.de\/index.php?rest_route=%2Fwp%2Fv2%2Fmedia&parent=308"}],"wp:term":[{"taxonomy":"category","embeddable":true,"href":"https:\/\/www.tines-werkstatt.de\/index.php?rest_route=%2Fwp%2Fv2%2Fcategories&post=308"},{"taxonomy":"post_tag","embeddable":true,"href":"https:\/\/www.tines-werkstatt.de\/index.php?rest_route=%2Fwp%2Fv2%2Ftags&post=308"}],"curies":[{"name":"wp","href":"https:\/\/api.w.org\/{rel}","templated":true}]}}