{"id":2234,"date":"2022-01-16T09:40:00","date_gmt":"2022-01-16T09:40:00","guid":{"rendered":"https:\/\/www.tines-werkstatt.de\/?p=2234"},"modified":"2022-05-18T10:04:36","modified_gmt":"2022-05-18T10:04:36","slug":"rueckblick-weihnachten-2021","status":"publish","type":"post","link":"https:\/\/www.tines-werkstatt.de\/?p=2234","title":{"rendered":"R\u00fcckblick: Weihnachten 2021"},"content":{"rendered":"\n<p>Auch Weihnachten 2021 war stark beeinflusst, von der andauerenden Pandemie. Gefeiert wurde wieder im kleinen Kreis und die Besuche in der Verwandschaft waren in kleinen Gruppen gut organisiert ;-) Nat\u00fcrlich haben wir in der Vorweihnachtszeit wieder so einiges gebastelt:<\/p>\n\n\n\n<figure class=\"wp-block-gallery has-nested-images columns-default is-cropped wp-block-gallery-1 is-layout-flex wp-block-gallery-is-layout-flex\">\n<figure class=\"wp-block-image size-large\"><a href=\"https:\/\/www.tines-werkstatt.de\/wp-content\/uploads\/2022\/05\/IMG_7479_klein.jpg\"><img loading=\"lazy\" decoding=\"async\" width=\"768\" height=\"1024\" data-id=\"2235\" src=\"https:\/\/www.tines-werkstatt.de\/wp-content\/uploads\/2022\/05\/IMG_7479_klein-768x1024.jpg\" alt=\"\" class=\"wp-image-2235\" srcset=\"https:\/\/www.tines-werkstatt.de\/wp-content\/uploads\/2022\/05\/IMG_7479_klein-768x1024.jpg 768w, https:\/\/www.tines-werkstatt.de\/wp-content\/uploads\/2022\/05\/IMG_7479_klein-225x300.jpg 225w, https:\/\/www.tines-werkstatt.de\/wp-content\/uploads\/2022\/05\/IMG_7479_klein.jpg 1000w\" sizes=\"(max-width: 768px) 100vw, 768px\" \/><\/a><\/figure>\n\n\n\n<figure class=\"wp-block-image size-large\"><a href=\"https:\/\/www.tines-werkstatt.de\/wp-content\/uploads\/2022\/05\/IMG_7657_klein.jpg\"><img loading=\"lazy\" decoding=\"async\" width=\"768\" height=\"1024\" data-id=\"2236\" src=\"https:\/\/www.tines-werkstatt.de\/wp-content\/uploads\/2022\/05\/IMG_7657_klein-768x1024.jpg\" alt=\"\" class=\"wp-image-2236\" srcset=\"https:\/\/www.tines-werkstatt.de\/wp-content\/uploads\/2022\/05\/IMG_7657_klein-768x1024.jpg 768w, https:\/\/www.tines-werkstatt.de\/wp-content\/uploads\/2022\/05\/IMG_7657_klein-225x300.jpg 225w, https:\/\/www.tines-werkstatt.de\/wp-content\/uploads\/2022\/05\/IMG_7657_klein.jpg 1000w\" sizes=\"(max-width: 768px) 100vw, 768px\" \/><\/a><\/figure>\n<figcaption class=\"blocks-gallery-caption\">Weihnachtsgeschenke 2021<\/figcaption><\/figure>\n\n\n\n<p>Die bemalten Holzscheiben gab es als kleine Geschenke f\u00fcr die Lehrerinnen und Erzieher unserer Kinder. Die Ideen\/Vorlagen habe ich bei pinterest gefunden. Im Dezember haben wir zudem auch immer noch Geburtstage im Freundes- und Familienkreis. Hierf\u00fcr habe ich Kerzen mit den Tattoos von <a href=\"https:\/\/alles-fuer-selbermacher.de\" data-type=\"URL\" data-id=\"https:\/\/alles-fuer-selbermacher.de\" target=\"_blank\" rel=\"noreferrer noopener\">Alles-f\u00fcr-Selbermacher<\/a> verziehrt und einen passenden Mini-Geschenkkarton gebastet. Die Anleitungen dazu gibt es in x Ausf\u00fchrungen bei youtube.<\/p>\n\n\n\n<p>Als Geschenke habe ich auch Kleinigekeiten gen\u00e4ht. Mein Sohn hat mit seiner Klasse einen Socken-Adventskalender gemacht. Hierf\u00fcr habe ich aus einer alten Jeanshose diese Wichtelsocke gen\u00e4ht und aufgepimpt. F\u00fcr meine kleine Nichte gab es f\u00fcr ihre Lieblingspuppe einen Latz.<\/p>\n\n\n\n<figure class=\"wp-block-gallery has-nested-images columns-default is-cropped wp-block-gallery-2 is-layout-flex wp-block-gallery-is-layout-flex\">\n<figure class=\"wp-block-image size-large\"><a href=\"https:\/\/www.tines-werkstatt.de\/wp-content\/uploads\/2022\/05\/IMG_E7242_klein.jpg\"><img loading=\"lazy\" decoding=\"async\" width=\"768\" height=\"1024\" data-id=\"2237\" src=\"https:\/\/www.tines-werkstatt.de\/wp-content\/uploads\/2022\/05\/IMG_E7242_klein-768x1024.jpg\" alt=\"\" class=\"wp-image-2237\" srcset=\"https:\/\/www.tines-werkstatt.de\/wp-content\/uploads\/2022\/05\/IMG_E7242_klein-768x1024.jpg 768w, https:\/\/www.tines-werkstatt.de\/wp-content\/uploads\/2022\/05\/IMG_E7242_klein-225x300.jpg 225w, https:\/\/www.tines-werkstatt.de\/wp-content\/uploads\/2022\/05\/IMG_E7242_klein.jpg 1000w\" sizes=\"(max-width: 768px) 100vw, 768px\" \/><\/a><\/figure>\n\n\n\n<figure class=\"wp-block-image size-large\"><a href=\"https:\/\/www.tines-werkstatt.de\/wp-content\/uploads\/2022\/05\/IMG_7617_klein.jpg\"><img loading=\"lazy\" decoding=\"async\" width=\"768\" height=\"1024\" data-id=\"2238\" src=\"https:\/\/www.tines-werkstatt.de\/wp-content\/uploads\/2022\/05\/IMG_7617_klein-768x1024.jpg\" alt=\"\" class=\"wp-image-2238\" srcset=\"https:\/\/www.tines-werkstatt.de\/wp-content\/uploads\/2022\/05\/IMG_7617_klein-768x1024.jpg 768w, https:\/\/www.tines-werkstatt.de\/wp-content\/uploads\/2022\/05\/IMG_7617_klein-225x300.jpg 225w, https:\/\/www.tines-werkstatt.de\/wp-content\/uploads\/2022\/05\/IMG_7617_klein.jpg 1000w\" sizes=\"(max-width: 768px) 100vw, 768px\" \/><\/a><\/figure>\n<\/figure>\n\n\n\n<p>Ja, Weihnachten 2021 war wieder anders &#8211; aber es war dennoch eine sch\u00f6ne  Zeit. Nun hoffen wir auf den Fr\u00fchling, wo sich die Pandemie hoffentlich endlich entspannt.<\/p>\n\n\n\n<p>Bis bald, Tine :-)<\/p>\n","protected":false},"excerpt":{"rendered":"<p>Auch Weihnachten 2021 war stark beeinflusst, von der andauerenden Pandemie. Gefeiert wurde wieder im kleinen Kreis und die Besuche in der Verwandschaft waren in kleinen Gruppen gut organisiert ;-) Nat\u00fcrlich haben wir in der&#46;&#46;&#46;<\/p>\n","protected":false},"author":2,"featured_media":2240,"comment_status":"open","ping_status":"closed","sticky":false,"template":"","format":"standard","meta":{"footnotes":""},"categories":[62],"tags":[58,15,41,92,8],"class_list":["post-2234","post","type-post","status-publish","format-standard","has-post-thumbnail","hentry","category-handmade","tag-basteln","tag-geschenke","tag-kinderkram","tag-makramee","tag-nahen"],"_links":{"self":[{"href":"https:\/\/www.tines-werkstatt.de\/index.php?rest_route=\/wp\/v2\/posts\/2234"}],"collection":[{"href":"https:\/\/www.tines-werkstatt.de\/index.php?rest_route=\/wp\/v2\/posts"}],"about":[{"href":"https:\/\/www.tines-werkstatt.de\/index.php?rest_route=\/wp\/v2\/types\/post"}],"author":[{"embeddable":true,"href":"https:\/\/www.tines-werkstatt.de\/index.php?rest_route=\/wp\/v2\/users\/2"}],"replies":[{"embeddable":true,"href":"https:\/\/www.tines-werkstatt.de\/index.php?rest_route=%2Fwp%2Fv2%2Fcomments&post=2234"}],"version-history":[{"count":1,"href":"https:\/\/www.tines-werkstatt.de\/index.php?rest_route=\/wp\/v2\/posts\/2234\/revisions"}],"predecessor-version":[{"id":2239,"href":"https:\/\/www.tines-werkstatt.de\/index.php?rest_route=\/wp\/v2\/posts\/2234\/revisions\/2239"}],"wp:featuredmedia":[{"embeddable":true,"href":"https:\/\/www.tines-werkstatt.de\/index.php?rest_route=\/wp\/v2\/media\/2240"}],"wp:attachment":[{"href":"https:\/\/www.tines-werkstatt.de\/index.php?rest_route=%2Fwp%2Fv2%2Fmedia&parent=2234"}],"wp:term":[{"taxonomy":"category","embeddable":true,"href":"https:\/\/www.tines-werkstatt.de\/index.php?rest_route=%2Fwp%2Fv2%2Fcategories&post=2234"},{"taxonomy":"post_tag","embeddable":true,"href":"https:\/\/www.tines-werkstatt.de\/index.php?rest_route=%2Fwp%2Fv2%2Ftags&post=2234"}],"curies":[{"name":"wp","href":"https:\/\/api.w.org\/{rel}","templated":true}]}}