{"id":2153,"date":"2020-09-10T19:06:17","date_gmt":"2020-09-10T19:06:17","guid":{"rendered":"https:\/\/www.tines-werkstatt.de\/?p=2153"},"modified":"2020-09-10T19:08:20","modified_gmt":"2020-09-10T19:08:20","slug":"schultuete-2020","status":"publish","type":"post","link":"https:\/\/www.tines-werkstatt.de\/?p=2153","title":{"rendered":"Schult\u00fcte 2020"},"content":{"rendered":"\n<p>Seit gut 2 Wochen haben wir nun 2 Schulkinder. Unser Sohn hat sich als Ranzen den erg*bag RambazamB\u00e4r rausgesucht. Mit der Stoffauswahl f\u00fcr die Schult\u00fcte passend zum Ranzen habe ich mich diesmal sehr schwer getan. Mir gefallen ja immer die etwas schlichteren Schult\u00fcten und so ist dann letztendlich diese geworden:<\/p>\n\n\n\n<figure class=\"wp-block-image size-large is-resized\"><img loading=\"lazy\" decoding=\"async\" src=\"https:\/\/www.tines-werkstatt.de\/wp-content\/uploads\/2020\/09\/IMG_E9544_klein.jpg\" alt=\"\" class=\"wp-image-2154\" width=\"303\" height=\"500\" srcset=\"https:\/\/www.tines-werkstatt.de\/wp-content\/uploads\/2020\/09\/IMG_E9544_klein.jpg 605w, https:\/\/www.tines-werkstatt.de\/wp-content\/uploads\/2020\/09\/IMG_E9544_klein-182x300.jpg 182w\" sizes=\"(max-width: 303px) 100vw, 303px\" \/><\/figure>\n\n\n\n<p>Die Stoffe habe ich zum einen beim <a href=\"https:\/\/stoffwerk-siegen.de\/\">Stoffwerk Siegen<\/a> und bei <a href=\"https:\/\/www.quiltmaus.de\">Quiltmaus<\/a> bestellt. Die Plotterdateien sind von \u201eLillemo\u201c, Inh. Marie-Luise H\u00f6hn &#8211; Datei L\u00f6we Bo und Schulkind 2020 von <a href=\"https:\/\/www.kreisrundpunkt.de\/\">kreisrundpunkt<\/a>. Die Schulkinddatei habe ich aus 2018 recycelt &#8211; da habe ich die 2018-Version f\u00fcr die <a href=\"https:\/\/www.tines-werkstatt.de\/?p=1536\">Schult\u00fcte <\/a>unserer Tochter verwendet. Die Fertigstellung der Schult\u00fcte war kurz vor knapp &#8211; aber am Ende hat alles gepasst und das kleine Schulkind hat sich sehr gefreut. Nun bleibt nur zu hoffen, dass die Schule gut anl\u00e4uft.<\/p>\n\n\n\n<p>Bis bald, Tine :-)<\/p>\n","protected":false},"excerpt":{"rendered":"<p>Seit gut 2 Wochen haben wir nun 2 Schulkinder. Unser Sohn hat sich als Ranzen den erg*bag RambazamB\u00e4r rausgesucht. Mit der Stoffauswahl f\u00fcr die Schult\u00fcte passend zum Ranzen habe ich mich diesmal sehr schwer&#46;&#46;&#46;<\/p>\n","protected":false},"author":2,"featured_media":2154,"comment_status":"open","ping_status":"closed","sticky":false,"template":"","format":"standard","meta":{"footnotes":""},"categories":[62],"tags":[66,8,69,70],"class_list":["post-2153","post","type-post","status-publish","format-standard","has-post-thumbnail","hentry","category-handmade","tag-made4boys","tag-nahen","tag-plotten","tag-schultuete"],"_links":{"self":[{"href":"https:\/\/www.tines-werkstatt.de\/index.php?rest_route=\/wp\/v2\/posts\/2153"}],"collection":[{"href":"https:\/\/www.tines-werkstatt.de\/index.php?rest_route=\/wp\/v2\/posts"}],"about":[{"href":"https:\/\/www.tines-werkstatt.de\/index.php?rest_route=\/wp\/v2\/types\/post"}],"author":[{"embeddable":true,"href":"https:\/\/www.tines-werkstatt.de\/index.php?rest_route=\/wp\/v2\/users\/2"}],"replies":[{"embeddable":true,"href":"https:\/\/www.tines-werkstatt.de\/index.php?rest_route=%2Fwp%2Fv2%2Fcomments&post=2153"}],"version-history":[{"count":1,"href":"https:\/\/www.tines-werkstatt.de\/index.php?rest_route=\/wp\/v2\/posts\/2153\/revisions"}],"predecessor-version":[{"id":2155,"href":"https:\/\/www.tines-werkstatt.de\/index.php?rest_route=\/wp\/v2\/posts\/2153\/revisions\/2155"}],"wp:featuredmedia":[{"embeddable":true,"href":"https:\/\/www.tines-werkstatt.de\/index.php?rest_route=\/wp\/v2\/media\/2154"}],"wp:attachment":[{"href":"https:\/\/www.tines-werkstatt.de\/index.php?rest_route=%2Fwp%2Fv2%2Fmedia&parent=2153"}],"wp:term":[{"taxonomy":"category","embeddable":true,"href":"https:\/\/www.tines-werkstatt.de\/index.php?rest_route=%2Fwp%2Fv2%2Fcategories&post=2153"},{"taxonomy":"post_tag","embeddable":true,"href":"https:\/\/www.tines-werkstatt.de\/index.php?rest_route=%2Fwp%2Fv2%2Ftags&post=2153"}],"curies":[{"name":"wp","href":"https:\/\/api.w.org\/{rel}","templated":true}]}}