{"id":2081,"date":"2020-02-10T19:58:00","date_gmt":"2020-02-10T19:58:00","guid":{"rendered":"https:\/\/www.tines-werkstatt.de\/?p=2081"},"modified":"2021-06-02T07:09:35","modified_gmt":"2021-06-02T07:09:35","slug":"meine-erste-jumi","status":"publish","type":"post","link":"https:\/\/www.tines-werkstatt.de\/?p=2081","title":{"rendered":"Meine erste Jumi"},"content":{"rendered":"\n<p>Nach unz\u00e4hligen wundervollen Designbeispielen bei In***gram beschloss ich schon im letzte Jahr, auch endlich meine erste Jumi zu n\u00e4hen. Jumi?? &#8211; yep, das ist ein Schnittmuster von <a rel=\"noreferrer noopener\" href=\"http:\/\/www.rosarosa.eu\" target=\"_blank\">rosarosa.eu<\/a>. Die passenden Stoffe fanden sich auch bei <a rel=\"noreferrer noopener\" href=\"http:\/\/www.namijda.de\" target=\"_blank\">Namijda<\/a>, dort gab es gleich ein Komplettpaket mit dem Sweat &#8222;pink birdies&#8220;. Es hat noch einige Monate gedauert, bis der sch\u00f6ne Stoff endlich angeschnitten wurde. Inzwischen war der vorhandene Stoff zu knapp f\u00fcr eine vollgef\u00fctterte Version der Jumi, denn ich musste eine Gr\u00f6\u00dfe gr\u00f6\u00dfer n\u00e4hen, als geplant. So sieht die Jacke nun aus &#8211; diesmal gibt es sogar Tragebilder:<\/p>\n\n\n\n<figure class=\"wp-block-gallery columns-3 is-cropped wp-block-gallery-1 is-layout-flex wp-block-gallery-is-layout-flex\"><ul class=\"blocks-gallery-grid\"><li class=\"blocks-gallery-item\"><figure><img loading=\"lazy\" decoding=\"async\" width=\"994\" height=\"733\" src=\"https:\/\/www.tines-werkstatt.de\/wp-content\/uploads\/2014\/10\/IMG_6194_klein.jpg\" alt=\"\" data-id=\"2100\" data-full-url=\"https:\/\/www.tines-werkstatt.de\/wp-content\/uploads\/2014\/10\/IMG_6194_klein.jpg\" data-link=\"https:\/\/www.tines-werkstatt.de\/?attachment_id=2100\" class=\"wp-image-2100\" srcset=\"https:\/\/www.tines-werkstatt.de\/wp-content\/uploads\/2014\/10\/IMG_6194_klein.jpg 994w, https:\/\/www.tines-werkstatt.de\/wp-content\/uploads\/2014\/10\/IMG_6194_klein-300x221.jpg 300w, https:\/\/www.tines-werkstatt.de\/wp-content\/uploads\/2014\/10\/IMG_6194_klein-768x566.jpg 768w\" sizes=\"(max-width: 994px) 100vw, 994px\" \/><\/figure><\/li><li class=\"blocks-gallery-item\"><figure><img loading=\"lazy\" decoding=\"async\" width=\"1000\" height=\"813\" src=\"https:\/\/www.tines-werkstatt.de\/wp-content\/uploads\/2014\/10\/IMG_6191_klein.jpg\" alt=\"\" data-id=\"2099\" data-full-url=\"https:\/\/www.tines-werkstatt.de\/wp-content\/uploads\/2014\/10\/IMG_6191_klein.jpg\" data-link=\"https:\/\/www.tines-werkstatt.de\/?attachment_id=2099\" class=\"wp-image-2099\" srcset=\"https:\/\/www.tines-werkstatt.de\/wp-content\/uploads\/2014\/10\/IMG_6191_klein.jpg 1000w, https:\/\/www.tines-werkstatt.de\/wp-content\/uploads\/2014\/10\/IMG_6191_klein-300x244.jpg 300w, https:\/\/www.tines-werkstatt.de\/wp-content\/uploads\/2014\/10\/IMG_6191_klein-768x624.jpg 768w\" sizes=\"(max-width: 1000px) 100vw, 1000px\" \/><\/figure><\/li><li class=\"blocks-gallery-item\"><figure><img loading=\"lazy\" decoding=\"async\" width=\"750\" height=\"1000\" src=\"https:\/\/www.tines-werkstatt.de\/wp-content\/uploads\/2014\/10\/IMG_6191-1_klein.jpg\" alt=\"\" data-id=\"2098\" data-full-url=\"https:\/\/www.tines-werkstatt.de\/wp-content\/uploads\/2014\/10\/IMG_6191-1_klein.jpg\" data-link=\"https:\/\/www.tines-werkstatt.de\/?attachment_id=2098\" class=\"wp-image-2098\" srcset=\"https:\/\/www.tines-werkstatt.de\/wp-content\/uploads\/2014\/10\/IMG_6191-1_klein.jpg 750w, https:\/\/www.tines-werkstatt.de\/wp-content\/uploads\/2014\/10\/IMG_6191-1_klein-225x300.jpg 225w\" sizes=\"(max-width: 750px) 100vw, 750px\" \/><\/figure><\/li><\/ul><\/figure>\n\n\n\n<p>Am wichtigsten ist: meiner Tochter gef\u00e4llt die Jacke richtig gut und das ist ja schlie\u00dflich das Wichtigste. Auf der R\u00fcckseite habe ich \u00fcbrigens sp\u00e4ter noch einen Reflektor-Button angebracht. Fand ich praktisch (tue ich immer noch), aber das Anbringen hat mich einige Zeit und Nerven gekostet. Geplant sind nat\u00fcrlich weitere Ausf\u00fchrungen der Jumi &#8211; aber wann, ist noch offen :-) <\/p>\n\n\n\n<p>Bis bald, Tine ;-)<\/p>\n","protected":false},"excerpt":{"rendered":"<p>Nach unz\u00e4hligen wundervollen Designbeispielen bei In***gram beschloss ich schon im letzte Jahr, auch endlich meine erste Jumi zu n\u00e4hen. Jumi?? &#8211; yep, das ist ein Schnittmuster von rosarosa.eu. Die passenden Stoffe fanden sich auch&#46;&#46;&#46;<\/p>\n","protected":false},"author":2,"featured_media":2100,"comment_status":"open","ping_status":"closed","sticky":false,"template":"","format":"standard","meta":{"footnotes":""},"categories":[62],"tags":[83,48,88,8,67,76],"class_list":["post-2081","post","type-post","status-publish","format-standard","has-post-thumbnail","hentry","category-handmade","tag-jumi","tag-kleidung","tag-made4girls","tag-nahen","tag-overlock","tag-sweat"],"_links":{"self":[{"href":"https:\/\/www.tines-werkstatt.de\/index.php?rest_route=\/wp\/v2\/posts\/2081"}],"collection":[{"href":"https:\/\/www.tines-werkstatt.de\/index.php?rest_route=\/wp\/v2\/posts"}],"about":[{"href":"https:\/\/www.tines-werkstatt.de\/index.php?rest_route=\/wp\/v2\/types\/post"}],"author":[{"embeddable":true,"href":"https:\/\/www.tines-werkstatt.de\/index.php?rest_route=\/wp\/v2\/users\/2"}],"replies":[{"embeddable":true,"href":"https:\/\/www.tines-werkstatt.de\/index.php?rest_route=%2Fwp%2Fv2%2Fcomments&post=2081"}],"version-history":[{"count":9,"href":"https:\/\/www.tines-werkstatt.de\/index.php?rest_route=\/wp\/v2\/posts\/2081\/revisions"}],"predecessor-version":[{"id":2198,"href":"https:\/\/www.tines-werkstatt.de\/index.php?rest_route=\/wp\/v2\/posts\/2081\/revisions\/2198"}],"wp:featuredmedia":[{"embeddable":true,"href":"https:\/\/www.tines-werkstatt.de\/index.php?rest_route=\/wp\/v2\/media\/2100"}],"wp:attachment":[{"href":"https:\/\/www.tines-werkstatt.de\/index.php?rest_route=%2Fwp%2Fv2%2Fmedia&parent=2081"}],"wp:term":[{"taxonomy":"category","embeddable":true,"href":"https:\/\/www.tines-werkstatt.de\/index.php?rest_route=%2Fwp%2Fv2%2Fcategories&post=2081"},{"taxonomy":"post_tag","embeddable":true,"href":"https:\/\/www.tines-werkstatt.de\/index.php?rest_route=%2Fwp%2Fv2%2Ftags&post=2081"}],"curies":[{"name":"wp","href":"https:\/\/api.w.org\/{rel}","templated":true}]}}