{"id":1869,"date":"2019-10-04T17:32:00","date_gmt":"2019-10-04T17:32:00","guid":{"rendered":"https:\/\/www.tines-werkstatt.de\/?p=1869"},"modified":"2020-01-04T20:54:14","modified_gmt":"2020-01-04T20:54:14","slug":"maltaschen-fuer-junge-kreative","status":"publish","type":"post","link":"https:\/\/www.tines-werkstatt.de\/?p=1869","title":{"rendered":"Maltaschen f\u00fcr junge Kreative"},"content":{"rendered":"\n<p>Morgen beginnen die Herbstferien in Th\u00fcringen und wir fahren endlich in den Urlaub. Um Malb\u00fccher, Stifte, Malschablonen und Stickerb\u00fccher \u00fcberall hin  mitzunehmen, habe ich den Kinder diese Maltaschen gen\u00e4ht. Danke an Julia  vom <a href=\"https:\/\/www.kreativlaborberlin.de\/kostenloses-schnittmuster-samt-naehanleitung-maltasche-fuer-kinder\/\">Kreativlabor Berlin<\/a>  , die das Schnittmuster auf ihrem Blog kostenlos zur Verf\u00fcgung stellt.  Dazu passt die kleine Stiftetasche, die ich schon vor l\u00e4ngerer Zeit  gen\u00e4ht habe:<\/p>\n\n\n\n<figure class=\"wp-block-gallery columns-3 is-cropped wp-block-gallery-1 is-layout-flex wp-block-gallery-is-layout-flex\"><ul class=\"blocks-gallery-grid\"><li class=\"blocks-gallery-item\"><figure><img loading=\"lazy\" decoding=\"async\" width=\"1000\" height=\"726\" src=\"https:\/\/www.tines-werkstatt.de\/wp-content\/uploads\/2020\/01\/IMG_3293_klein.jpg\" alt=\"\" data-id=\"1870\" data-full-url=\"https:\/\/www.tines-werkstatt.de\/wp-content\/uploads\/2020\/01\/IMG_3293_klein.jpg\" data-link=\"https:\/\/www.tines-werkstatt.de\/?attachment_id=1870\" class=\"wp-image-1870\" srcset=\"https:\/\/www.tines-werkstatt.de\/wp-content\/uploads\/2020\/01\/IMG_3293_klein.jpg 1000w, https:\/\/www.tines-werkstatt.de\/wp-content\/uploads\/2020\/01\/IMG_3293_klein-300x218.jpg 300w, https:\/\/www.tines-werkstatt.de\/wp-content\/uploads\/2020\/01\/IMG_3293_klein-768x558.jpg 768w\" sizes=\"(max-width: 1000px) 100vw, 1000px\" \/><\/figure><\/li><li class=\"blocks-gallery-item\"><figure><img loading=\"lazy\" decoding=\"async\" width=\"908\" height=\"750\" src=\"https:\/\/www.tines-werkstatt.de\/wp-content\/uploads\/2020\/01\/IMG_3294_klein.jpg\" alt=\"\" data-id=\"1871\" data-full-url=\"https:\/\/www.tines-werkstatt.de\/wp-content\/uploads\/2020\/01\/IMG_3294_klein.jpg\" data-link=\"https:\/\/www.tines-werkstatt.de\/?attachment_id=1871\" class=\"wp-image-1871\" srcset=\"https:\/\/www.tines-werkstatt.de\/wp-content\/uploads\/2020\/01\/IMG_3294_klein.jpg 908w, https:\/\/www.tines-werkstatt.de\/wp-content\/uploads\/2020\/01\/IMG_3294_klein-300x248.jpg 300w, https:\/\/www.tines-werkstatt.de\/wp-content\/uploads\/2020\/01\/IMG_3294_klein-768x634.jpg 768w\" sizes=\"(max-width: 908px) 100vw, 908px\" \/><\/figure><\/li><li class=\"blocks-gallery-item\"><figure><img loading=\"lazy\" decoding=\"async\" width=\"1000\" height=\"702\" src=\"https:\/\/www.tines-werkstatt.de\/wp-content\/uploads\/2020\/01\/IMG_3295_klein.jpg\" alt=\"\" data-id=\"1872\" data-full-url=\"https:\/\/www.tines-werkstatt.de\/wp-content\/uploads\/2020\/01\/IMG_3295_klein.jpg\" data-link=\"https:\/\/www.tines-werkstatt.de\/?attachment_id=1872\" class=\"wp-image-1872\" srcset=\"https:\/\/www.tines-werkstatt.de\/wp-content\/uploads\/2020\/01\/IMG_3295_klein.jpg 1000w, https:\/\/www.tines-werkstatt.de\/wp-content\/uploads\/2020\/01\/IMG_3295_klein-300x211.jpg 300w, https:\/\/www.tines-werkstatt.de\/wp-content\/uploads\/2020\/01\/IMG_3295_klein-768x539.jpg 768w\" sizes=\"(max-width: 1000px) 100vw, 1000px\" \/><\/figure><\/li><li class=\"blocks-gallery-item\"><figure><img loading=\"lazy\" decoding=\"async\" width=\"1000\" height=\"750\" src=\"https:\/\/www.tines-werkstatt.de\/wp-content\/uploads\/2020\/01\/IMG_3296_klein.jpg\" alt=\"\" data-id=\"1873\" data-full-url=\"https:\/\/www.tines-werkstatt.de\/wp-content\/uploads\/2020\/01\/IMG_3296_klein.jpg\" data-link=\"https:\/\/www.tines-werkstatt.de\/?attachment_id=1873\" class=\"wp-image-1873\" srcset=\"https:\/\/www.tines-werkstatt.de\/wp-content\/uploads\/2020\/01\/IMG_3296_klein.jpg 1000w, https:\/\/www.tines-werkstatt.de\/wp-content\/uploads\/2020\/01\/IMG_3296_klein-300x225.jpg 300w, https:\/\/www.tines-werkstatt.de\/wp-content\/uploads\/2020\/01\/IMG_3296_klein-768x576.jpg 768w\" sizes=\"(max-width: 1000px) 100vw, 1000px\" \/><\/figure><\/li><\/ul><\/figure>\n\n\n\n<p>Die Kinder sind jedenfalls begeistert und m\u00fcssen sich nun nur noch entscheiden, was sie einpacken&#8230;<\/p>\n\n\n\n<p>Bis bald, Tine ;-)<\/p>\n","protected":false},"excerpt":{"rendered":"<p>Morgen beginnen die Herbstferien in Th\u00fcringen und wir fahren endlich in den Urlaub. Um Malb\u00fccher, Stifte, Malschablonen und Stickerb\u00fccher \u00fcberall hin mitzunehmen, habe ich den Kinder diese Maltaschen gen\u00e4ht. Danke an Julia vom Kreativlabor&#46;&#46;&#46;<\/p>\n","protected":false},"author":2,"featured_media":1871,"comment_status":"open","ping_status":"closed","sticky":false,"template":"","format":"standard","meta":{"footnotes":""},"categories":[62],"tags":[15,21,41,8,69,31],"class_list":["post-1869","post","type-post","status-publish","format-standard","has-post-thumbnail","hentry","category-handmade","tag-geschenke","tag-kinder-tasche","tag-kinderkram","tag-nahen","tag-plotten","tag-praktisches"],"_links":{"self":[{"href":"https:\/\/www.tines-werkstatt.de\/index.php?rest_route=\/wp\/v2\/posts\/1869"}],"collection":[{"href":"https:\/\/www.tines-werkstatt.de\/index.php?rest_route=\/wp\/v2\/posts"}],"about":[{"href":"https:\/\/www.tines-werkstatt.de\/index.php?rest_route=\/wp\/v2\/types\/post"}],"author":[{"embeddable":true,"href":"https:\/\/www.tines-werkstatt.de\/index.php?rest_route=\/wp\/v2\/users\/2"}],"replies":[{"embeddable":true,"href":"https:\/\/www.tines-werkstatt.de\/index.php?rest_route=%2Fwp%2Fv2%2Fcomments&post=1869"}],"version-history":[{"count":3,"href":"https:\/\/www.tines-werkstatt.de\/index.php?rest_route=\/wp\/v2\/posts\/1869\/revisions"}],"predecessor-version":[{"id":1877,"href":"https:\/\/www.tines-werkstatt.de\/index.php?rest_route=\/wp\/v2\/posts\/1869\/revisions\/1877"}],"wp:featuredmedia":[{"embeddable":true,"href":"https:\/\/www.tines-werkstatt.de\/index.php?rest_route=\/wp\/v2\/media\/1871"}],"wp:attachment":[{"href":"https:\/\/www.tines-werkstatt.de\/index.php?rest_route=%2Fwp%2Fv2%2Fmedia&parent=1869"}],"wp:term":[{"taxonomy":"category","embeddable":true,"href":"https:\/\/www.tines-werkstatt.de\/index.php?rest_route=%2Fwp%2Fv2%2Fcategories&post=1869"},{"taxonomy":"post_tag","embeddable":true,"href":"https:\/\/www.tines-werkstatt.de\/index.php?rest_route=%2Fwp%2Fv2%2Ftags&post=1869"}],"curies":[{"name":"wp","href":"https:\/\/api.w.org\/{rel}","templated":true}]}}