{"id":1609,"date":"2019-01-06T22:17:04","date_gmt":"2019-01-06T22:17:04","guid":{"rendered":"https:\/\/www.tines-werkstatt.de\/?p=1609"},"modified":"2019-05-22T12:13:45","modified_gmt":"2019-05-22T12:13:45","slug":"alles-gute-fuer-2019","status":"publish","type":"post","link":"https:\/\/www.tines-werkstatt.de\/?p=1609","title":{"rendered":"Neujahrsw\u00fcnsche"},"content":{"rendered":"\n<figure class=\"wp-block-image\"><img loading=\"lazy\" decoding=\"async\" width=\"638\" height=\"208\" src=\"https:\/\/www.tines-werkstatt.de\/wp-content\/uploads\/2019\/01\/Willkommen2019.jpg\" alt=\"\" class=\"wp-image-1611\" srcset=\"https:\/\/www.tines-werkstatt.de\/wp-content\/uploads\/2019\/01\/Willkommen2019.jpg 638w, https:\/\/www.tines-werkstatt.de\/wp-content\/uploads\/2019\/01\/Willkommen2019-300x98.jpg 300w\" sizes=\"(max-width: 638px) 100vw, 638px\" \/><\/figure>\n\n\n\n<p>Ich w\u00fcnsche Euch alles Gute f\u00fcr 2019, viel Gesundheit und immer viel Zeit f\u00fcrs N\u00e4hen und all die anderen kreativen Dinge, die wir so machen k\u00f6nnen. Zum N\u00e4hen komme ich im Moment nicht, aber ab und zu arbeitet der Plotter f\u00fcr mich. Aber bald, dann geht es wieder los &#8211; zumindest habe ich neue Schnittmuster geklebt und den Stoff schon mal daneben gelegt :-)<\/p>\n\n\n\n<p>Liebe Gr\u00fc\u00dfe, Tine :-)<\/p>\n","protected":false},"excerpt":{"rendered":"<p>Ich w\u00fcnsche Euch alles Gute f\u00fcr 2019, viel Gesundheit und immer viel Zeit f\u00fcrs N\u00e4hen und all die anderen kreativen Dinge, die wir so machen k\u00f6nnen. Zum N\u00e4hen komme ich im Moment nicht, aber&#46;&#46;&#46;<\/p>\n","protected":false},"author":2,"featured_media":1611,"comment_status":"closed","ping_status":"closed","sticky":false,"template":"","format":"standard","meta":{"footnotes":""},"categories":[1],"tags":[],"class_list":["post-1609","post","type-post","status-publish","format-standard","has-post-thumbnail","hentry","category-own"],"_links":{"self":[{"href":"https:\/\/www.tines-werkstatt.de\/index.php?rest_route=\/wp\/v2\/posts\/1609"}],"collection":[{"href":"https:\/\/www.tines-werkstatt.de\/index.php?rest_route=\/wp\/v2\/posts"}],"about":[{"href":"https:\/\/www.tines-werkstatt.de\/index.php?rest_route=\/wp\/v2\/types\/post"}],"author":[{"embeddable":true,"href":"https:\/\/www.tines-werkstatt.de\/index.php?rest_route=\/wp\/v2\/users\/2"}],"replies":[{"embeddable":true,"href":"https:\/\/www.tines-werkstatt.de\/index.php?rest_route=%2Fwp%2Fv2%2Fcomments&post=1609"}],"version-history":[{"count":4,"href":"https:\/\/www.tines-werkstatt.de\/index.php?rest_route=\/wp\/v2\/posts\/1609\/revisions"}],"predecessor-version":[{"id":1809,"href":"https:\/\/www.tines-werkstatt.de\/index.php?rest_route=\/wp\/v2\/posts\/1609\/revisions\/1809"}],"wp:featuredmedia":[{"embeddable":true,"href":"https:\/\/www.tines-werkstatt.de\/index.php?rest_route=\/wp\/v2\/media\/1611"}],"wp:attachment":[{"href":"https:\/\/www.tines-werkstatt.de\/index.php?rest_route=%2Fwp%2Fv2%2Fmedia&parent=1609"}],"wp:term":[{"taxonomy":"category","embeddable":true,"href":"https:\/\/www.tines-werkstatt.de\/index.php?rest_route=%2Fwp%2Fv2%2Fcategories&post=1609"},{"taxonomy":"post_tag","embeddable":true,"href":"https:\/\/www.tines-werkstatt.de\/index.php?rest_route=%2Fwp%2Fv2%2Ftags&post=1609"}],"curies":[{"name":"wp","href":"https:\/\/api.w.org\/{rel}","templated":true}]}}