{"id":156,"date":"2011-01-16T20:30:16","date_gmt":"2011-01-16T20:30:16","guid":{"rendered":"http:\/\/www.tines-werkstatt.de\/wordpress\/?p=156"},"modified":"2019-01-07T18:36:27","modified_gmt":"2019-01-07T18:36:27","slug":"tasche-mit-zip-2","status":"publish","type":"post","link":"https:\/\/www.tines-werkstatt.de\/?p=156","title":{"rendered":"Tasche mit Zip"},"content":{"rendered":"<p>Ende Oktober 2010 entstand diese Tasche &#8211; meine erste Tasche mit Rei\u00dfverschluss. Es ist gar nicht so einfach dieses Teil ordentlich einzun\u00e4hen. Das muss ge\u00fcbt werden. Aber zum Schluss ist es doch sehr sch\u00f6n geworden.<\/p>\n<p><a href=\"https:\/\/www.tines-werkstatt.de\/wp-content\/uploads\/2011\/01\/DSC03014_klein.jpg\"><img loading=\"lazy\" decoding=\"async\" class=\"alignnone size-full wp-image-153\" title=\"DSC03014_klein\" src=\"https:\/\/www.tines-werkstatt.de\/wp-content\/uploads\/2011\/01\/DSC03014_klein.jpg\" alt=\"\" width=\"492\" height=\"369\" srcset=\"https:\/\/www.tines-werkstatt.de\/wp-content\/uploads\/2011\/01\/DSC03014_klein.jpg 492w, https:\/\/www.tines-werkstatt.de\/wp-content\/uploads\/2011\/01\/DSC03014_klein-300x225.jpg 300w\" sizes=\"(max-width: 492px) 100vw, 492px\" \/><\/a><\/p>\n","protected":false},"excerpt":{"rendered":"<p>Ende Oktober 2010 entstand diese Tasche &#8211; meine erste Tasche mit Rei\u00dfverschluss. Es ist gar nicht so einfach dieses Teil ordentlich einzun\u00e4hen. Das muss ge\u00fcbt werden. Aber zum Schluss ist es doch sehr sch\u00f6n&#46;&#46;&#46;<\/p>\n","protected":false},"author":2,"featured_media":0,"comment_status":"open","ping_status":"open","sticky":false,"template":"","format":"standard","meta":{"footnotes":""},"categories":[62],"tags":[20,8,10],"class_list":["post-156","post","type-post","status-publish","format-standard","hentry","category-handmade","tag-mini-tasche","tag-nahen","tag-tasche"],"_links":{"self":[{"href":"https:\/\/www.tines-werkstatt.de\/index.php?rest_route=\/wp\/v2\/posts\/156"}],"collection":[{"href":"https:\/\/www.tines-werkstatt.de\/index.php?rest_route=\/wp\/v2\/posts"}],"about":[{"href":"https:\/\/www.tines-werkstatt.de\/index.php?rest_route=\/wp\/v2\/types\/post"}],"author":[{"embeddable":true,"href":"https:\/\/www.tines-werkstatt.de\/index.php?rest_route=\/wp\/v2\/users\/2"}],"replies":[{"embeddable":true,"href":"https:\/\/www.tines-werkstatt.de\/index.php?rest_route=%2Fwp%2Fv2%2Fcomments&post=156"}],"version-history":[{"count":8,"href":"https:\/\/www.tines-werkstatt.de\/index.php?rest_route=\/wp\/v2\/posts\/156\/revisions"}],"predecessor-version":[{"id":362,"href":"https:\/\/www.tines-werkstatt.de\/index.php?rest_route=\/wp\/v2\/posts\/156\/revisions\/362"}],"wp:attachment":[{"href":"https:\/\/www.tines-werkstatt.de\/index.php?rest_route=%2Fwp%2Fv2%2Fmedia&parent=156"}],"wp:term":[{"taxonomy":"category","embeddable":true,"href":"https:\/\/www.tines-werkstatt.de\/index.php?rest_route=%2Fwp%2Fv2%2Fcategories&post=156"},{"taxonomy":"post_tag","embeddable":true,"href":"https:\/\/www.tines-werkstatt.de\/index.php?rest_route=%2Fwp%2Fv2%2Ftags&post=156"}],"curies":[{"name":"wp","href":"https:\/\/api.w.org\/{rel}","templated":true}]}}