{"id":1540,"date":"2018-11-01T21:00:24","date_gmt":"2018-11-01T21:00:24","guid":{"rendered":"https:\/\/www.tines-werkstatt.de\/?p=1540"},"modified":"2020-01-04T21:12:25","modified_gmt":"2020-01-04T21:12:25","slug":"abschiedsgeschenke-fuer-die-erzieher","status":"publish","type":"post","link":"https:\/\/www.tines-werkstatt.de\/?p=1540","title":{"rendered":"Abschiedsgeschenke f\u00fcr die Erzieher"},"content":{"rendered":"<p>Nat\u00fcrlich gab es neben dem Gruppengeschenk auch noch ein kleines pers\u00f6nliches Geschenk unserer Familie an die Erzieher aus der Zuckert\u00fctengruppe. Ich habe wieder Schl\u00fcsselb\u00e4nder gen\u00e4ht:<\/p>\n\n\n<figure class=\"wp-block-image size-large\"><img loading=\"lazy\" decoding=\"async\" width=\"1024\" height=\"717\" src=\"https:\/\/www.tines-werkstatt.de\/wp-content\/uploads\/2018\/11\/pIMG_E6797-1024x717.jpg\" alt=\"\" class=\"wp-image-1547\" srcset=\"https:\/\/www.tines-werkstatt.de\/wp-content\/uploads\/2018\/11\/pIMG_E6797-1024x717.jpg 1024w, https:\/\/www.tines-werkstatt.de\/wp-content\/uploads\/2018\/11\/pIMG_E6797-300x210.jpg 300w, https:\/\/www.tines-werkstatt.de\/wp-content\/uploads\/2018\/11\/pIMG_E6797-768x538.jpg 768w\" sizes=\"(max-width: 1024px) 100vw, 1024px\" \/><\/figure>\n\n\n\n<p>Die Webbandreste eignen sich daf\u00fcr immer wieder wunderbar.<\/p>\n\n\n\n<p>Bis bald, Tine ;-)<\/p>\n","protected":false},"excerpt":{"rendered":"<p>Nat\u00fcrlich gab es neben dem Gruppengeschenk auch noch ein kleines pers\u00f6nliches Geschenk unserer Familie an die Erzieher aus der Zuckert\u00fctengruppe. Ich habe wieder Schl\u00fcsselb\u00e4nder gen\u00e4ht: Die Webbandreste eignen sich daf\u00fcr immer wieder wunderbar. Bis&#46;&#46;&#46;<\/p>\n","protected":false},"author":2,"featured_media":1547,"comment_status":"open","ping_status":"closed","sticky":false,"template":"","format":"standard","meta":{"footnotes":""},"categories":[62],"tags":[15,8,31,12],"class_list":["post-1540","post","type-post","status-publish","format-standard","has-post-thumbnail","hentry","category-handmade","tag-geschenke","tag-nahen","tag-praktisches","tag-schlusselanhanger"],"_links":{"self":[{"href":"https:\/\/www.tines-werkstatt.de\/index.php?rest_route=\/wp\/v2\/posts\/1540"}],"collection":[{"href":"https:\/\/www.tines-werkstatt.de\/index.php?rest_route=\/wp\/v2\/posts"}],"about":[{"href":"https:\/\/www.tines-werkstatt.de\/index.php?rest_route=\/wp\/v2\/types\/post"}],"author":[{"embeddable":true,"href":"https:\/\/www.tines-werkstatt.de\/index.php?rest_route=\/wp\/v2\/users\/2"}],"replies":[{"embeddable":true,"href":"https:\/\/www.tines-werkstatt.de\/index.php?rest_route=%2Fwp%2Fv2%2Fcomments&post=1540"}],"version-history":[{"count":3,"href":"https:\/\/www.tines-werkstatt.de\/index.php?rest_route=\/wp\/v2\/posts\/1540\/revisions"}],"predecessor-version":[{"id":1911,"href":"https:\/\/www.tines-werkstatt.de\/index.php?rest_route=\/wp\/v2\/posts\/1540\/revisions\/1911"}],"wp:featuredmedia":[{"embeddable":true,"href":"https:\/\/www.tines-werkstatt.de\/index.php?rest_route=\/wp\/v2\/media\/1547"}],"wp:attachment":[{"href":"https:\/\/www.tines-werkstatt.de\/index.php?rest_route=%2Fwp%2Fv2%2Fmedia&parent=1540"}],"wp:term":[{"taxonomy":"category","embeddable":true,"href":"https:\/\/www.tines-werkstatt.de\/index.php?rest_route=%2Fwp%2Fv2%2Fcategories&post=1540"},{"taxonomy":"post_tag","embeddable":true,"href":"https:\/\/www.tines-werkstatt.de\/index.php?rest_route=%2Fwp%2Fv2%2Ftags&post=1540"}],"curies":[{"name":"wp","href":"https:\/\/api.w.org\/{rel}","templated":true}]}}