{"id":1463,"date":"2017-12-27T11:20:55","date_gmt":"2017-12-27T11:20:55","guid":{"rendered":"http:\/\/www.tines-werkstatt.de\/?p=1463"},"modified":"2020-01-05T17:19:53","modified_gmt":"2020-01-05T17:19:53","slug":"rueckblick-schlafanzug-fuer-meinen-neffen","status":"publish","type":"post","link":"https:\/\/www.tines-werkstatt.de\/?p=1463","title":{"rendered":"R\u00fcckblick: Schlafanzug f\u00fcr meinen Neffen"},"content":{"rendered":"<p>Schon l\u00e4nger lieb\u00e4ugel ich mit den wundervollen Stoffen von byGraziela. Hinter dem Label verbirgt sich Graziela Preiser und ihre Tochter Nina. Graziela Preiser ist eine in Westdeutschland sehr bekannte Grafikdesignerin und Illustratorin, die in den 70er Jahren vorallendingen durch die Zeitschritt Brigitte mit den wundervollen Designs bekannt wurde. Details k\u00f6nnt ihr <a href=\"http:\/\/www.bygraziela.com\/graziela-preiser\">hier<\/a> nachlesen. Ich nutze eine Rabattaktion, um einige Meter Stoff zu shoppen :-) Entstanden ist als erstes ein Schlafanzug f\u00fcr meinen Neffen zum Geburtstag:<\/p>\n\n\n<div class=\"wp-block-image\"><figure class=\"aligncenter size-large is-resized\"><img loading=\"lazy\" decoding=\"async\" src=\"https:\/\/www.tines-werkstatt.de\/wp-content\/uploads\/2020\/01\/pIMG_1389-768x1024.jpg\" alt=\"\" class=\"wp-image-2039\" width=\"384\" height=\"512\" srcset=\"https:\/\/www.tines-werkstatt.de\/wp-content\/uploads\/2020\/01\/pIMG_1389-768x1024.jpg 768w, https:\/\/www.tines-werkstatt.de\/wp-content\/uploads\/2020\/01\/pIMG_1389-225x300.jpg 225w, https:\/\/www.tines-werkstatt.de\/wp-content\/uploads\/2020\/01\/pIMG_1389-1152x1536.jpg 1152w, https:\/\/www.tines-werkstatt.de\/wp-content\/uploads\/2020\/01\/pIMG_1389-1536x2048.jpg 1536w, https:\/\/www.tines-werkstatt.de\/wp-content\/uploads\/2020\/01\/pIMG_1389-scaled.jpg 1920w\" sizes=\"(max-width: 384px) 100vw, 384px\" \/><\/figure><\/div>\n\n\n\n<p>Die Schnittmuster f\u00fcr Hose und Shirt stammen von klimperklein &#8211; Raglanshirt und Sommerhose in Gr. 116. Die tollen Stoffe haben sich wunderbar vern\u00e4hen lassen.<\/p>\n\n\n\n<p>Bis bald, Tine :-)<\/p>\n","protected":false},"excerpt":{"rendered":"<p>Schon l\u00e4nger lieb\u00e4ugel ich mit den wundervollen Stoffen von byGraziela. Hinter dem Label verbirgt sich Graziela Preiser und ihre Tochter Nina. Graziela Preiser ist eine in Westdeutschland sehr bekannte Grafikdesignerin und Illustratorin, die in&#46;&#46;&#46;<\/p>\n","protected":false},"author":2,"featured_media":1467,"comment_status":"open","ping_status":"closed","sticky":false,"template":"","format":"standard","meta":{"footnotes":""},"categories":[62],"tags":[15,68,41,48,66,8,67],"class_list":["post-1463","post","type-post","status-publish","format-standard","has-post-thumbnail","hentry","category-handmade","tag-geschenke","tag-jersey","tag-kinderkram","tag-kleidung","tag-made4boys","tag-nahen","tag-overlock"],"_links":{"self":[{"href":"https:\/\/www.tines-werkstatt.de\/index.php?rest_route=\/wp\/v2\/posts\/1463"}],"collection":[{"href":"https:\/\/www.tines-werkstatt.de\/index.php?rest_route=\/wp\/v2\/posts"}],"about":[{"href":"https:\/\/www.tines-werkstatt.de\/index.php?rest_route=\/wp\/v2\/types\/post"}],"author":[{"embeddable":true,"href":"https:\/\/www.tines-werkstatt.de\/index.php?rest_route=\/wp\/v2\/users\/2"}],"replies":[{"embeddable":true,"href":"https:\/\/www.tines-werkstatt.de\/index.php?rest_route=%2Fwp%2Fv2%2Fcomments&post=1463"}],"version-history":[{"count":4,"href":"https:\/\/www.tines-werkstatt.de\/index.php?rest_route=\/wp\/v2\/posts\/1463\/revisions"}],"predecessor-version":[{"id":2041,"href":"https:\/\/www.tines-werkstatt.de\/index.php?rest_route=\/wp\/v2\/posts\/1463\/revisions\/2041"}],"wp:featuredmedia":[{"embeddable":true,"href":"https:\/\/www.tines-werkstatt.de\/index.php?rest_route=\/wp\/v2\/media\/1467"}],"wp:attachment":[{"href":"https:\/\/www.tines-werkstatt.de\/index.php?rest_route=%2Fwp%2Fv2%2Fmedia&parent=1463"}],"wp:term":[{"taxonomy":"category","embeddable":true,"href":"https:\/\/www.tines-werkstatt.de\/index.php?rest_route=%2Fwp%2Fv2%2Fcategories&post=1463"},{"taxonomy":"post_tag","embeddable":true,"href":"https:\/\/www.tines-werkstatt.de\/index.php?rest_route=%2Fwp%2Fv2%2Ftags&post=1463"}],"curies":[{"name":"wp","href":"https:\/\/api.w.org\/{rel}","templated":true}]}}