{"id":1442,"date":"2017-04-06T21:59:36","date_gmt":"2017-04-06T21:59:36","guid":{"rendered":"http:\/\/www.tines-werkstatt.de\/?p=1442"},"modified":"2019-01-06T22:28:39","modified_gmt":"2019-01-06T22:28:39","slug":"unser-reiseetui-ist-endlich-fertig","status":"publish","type":"post","link":"https:\/\/www.tines-werkstatt.de\/?p=1442","title":{"rendered":"Unser Reiseetui ist endlich fertig"},"content":{"rendered":"<p>Nun endlich konnte ich ein langes N\u00e4hwerk beenden &#8211; unser Reiseetui f\u00fcr das gezielte Verstauen der Reisep\u00e4\u00dfe, der Reiseunterlagen und anderen wichtigen Kleinigkeiten. Schon lange lag die beschichtete Baumwolle in meinem N\u00e4hvorrat und auch das Ebook schlummert schon eine ganze Weile hier rum. Irgendwann hatte ich sogar schon mal die Stoffe daf\u00fcr zusammengestellt. Alles war gut vorbereitet und so konnte ich relativ schnell starten. Das ebook von <a href=\"http:\/\/www.machwerk-shop.de\/sw43\/\">machwerk<\/a> ist sehr gut beschrieben und so hat das N\u00e4hen reibungslos geklappt. Selbst den Endlosrei\u00dfverschluss habe ich bezwungen. Ja ich freu&#8216; mich sehr \u00fcber das Ergebnis &#8211; der n\u00e4chste Urlaub kann kommen :-)<\/p>\n<p style=\"text-align: center;\"><a href=\"https:\/\/www.tines-werkstatt.de\/?attachment_id=1455\" rel=\"attachment wp-att-1455\"><img loading=\"lazy\" decoding=\"async\" width=\"225\" height=\"300\" class=\"aligncenter size-medium wp-image-1455\" alt=\"\" src=\"https:\/\/www.tines-werkstatt.de\/wp-content\/uploads\/2017\/04\/Foto-06.04.17-07-03-38_editklein-225x300.jpg\" srcset=\"https:\/\/www.tines-werkstatt.de\/wp-content\/uploads\/2017\/04\/Foto-06.04.17-07-03-38_editklein-225x300.jpg 225w, https:\/\/www.tines-werkstatt.de\/wp-content\/uploads\/2017\/04\/Foto-06.04.17-07-03-38_editklein-768x1024.jpg 768w\" sizes=\"(max-width: 225px) 100vw, 225px\" \/><\/a><a href=\"https:\/\/www.tines-werkstatt.de\/?attachment_id=1456\" rel=\"attachment wp-att-1456\"><img loading=\"lazy\" decoding=\"async\" width=\"300\" height=\"225\" class=\"aligncenter size-medium wp-image-1456\" alt=\"\" src=\"https:\/\/www.tines-werkstatt.de\/wp-content\/uploads\/2017\/04\/Foto-06.04.17-07-09-37_editklein-300x225.jpg\" srcset=\"https:\/\/www.tines-werkstatt.de\/wp-content\/uploads\/2017\/04\/Foto-06.04.17-07-09-37_editklein-300x225.jpg 300w, https:\/\/www.tines-werkstatt.de\/wp-content\/uploads\/2017\/04\/Foto-06.04.17-07-09-37_editklein-768x576.jpg 768w, https:\/\/www.tines-werkstatt.de\/wp-content\/uploads\/2017\/04\/Foto-06.04.17-07-09-37_editklein-1024x768.jpg 1024w\" sizes=\"(max-width: 300px) 100vw, 300px\" \/><\/a><a href=\"https:\/\/www.tines-werkstatt.de\/?attachment_id=1457\" rel=\"attachment wp-att-1457\"><img loading=\"lazy\" decoding=\"async\" width=\"300\" height=\"225\" class=\"aligncenter size-medium wp-image-1457\" alt=\"\" src=\"https:\/\/www.tines-werkstatt.de\/wp-content\/uploads\/2017\/04\/Foto-06.04.17-07-09-45_editklein-300x225.jpg\" srcset=\"https:\/\/www.tines-werkstatt.de\/wp-content\/uploads\/2017\/04\/Foto-06.04.17-07-09-45_editklein-300x225.jpg 300w, https:\/\/www.tines-werkstatt.de\/wp-content\/uploads\/2017\/04\/Foto-06.04.17-07-09-45_editklein-768x576.jpg 768w, https:\/\/www.tines-werkstatt.de\/wp-content\/uploads\/2017\/04\/Foto-06.04.17-07-09-45_editklein-1024x768.jpg 1024w\" sizes=\"(max-width: 300px) 100vw, 300px\" \/><\/a><\/p>\n<p>ebook: Reiseetui von machwerk<br \/>\nbeschichtete Baumwolle: dawanda<br \/>\nRei\u00dfverschluss: machwerk<\/p>\n<p>Bis bald, Tine :-)<\/p>\n","protected":false},"excerpt":{"rendered":"<p>Nun endlich konnte ich ein langes N\u00e4hwerk beenden &#8211; unser Reiseetui f\u00fcr das gezielte Verstauen der Reisep\u00e4\u00dfe, der Reiseunterlagen und anderen wichtigen Kleinigkeiten. Schon lange lag die beschichtete Baumwolle in meinem N\u00e4hvorrat und auch&#46;&#46;&#46;<\/p>\n","protected":false},"author":2,"featured_media":1456,"comment_status":"closed","ping_status":"closed","sticky":false,"template":"","format":"standard","meta":{"footnotes":""},"categories":[62],"tags":[8,31,10],"class_list":["post-1442","post","type-post","status-publish","format-standard","has-post-thumbnail","hentry","category-handmade","tag-nahen","tag-praktisches","tag-tasche"],"_links":{"self":[{"href":"https:\/\/www.tines-werkstatt.de\/index.php?rest_route=\/wp\/v2\/posts\/1442"}],"collection":[{"href":"https:\/\/www.tines-werkstatt.de\/index.php?rest_route=\/wp\/v2\/posts"}],"about":[{"href":"https:\/\/www.tines-werkstatt.de\/index.php?rest_route=\/wp\/v2\/types\/post"}],"author":[{"embeddable":true,"href":"https:\/\/www.tines-werkstatt.de\/index.php?rest_route=\/wp\/v2\/users\/2"}],"replies":[{"embeddable":true,"href":"https:\/\/www.tines-werkstatt.de\/index.php?rest_route=%2Fwp%2Fv2%2Fcomments&post=1442"}],"version-history":[{"count":4,"href":"https:\/\/www.tines-werkstatt.de\/index.php?rest_route=\/wp\/v2\/posts\/1442\/revisions"}],"predecessor-version":[{"id":1616,"href":"https:\/\/www.tines-werkstatt.de\/index.php?rest_route=\/wp\/v2\/posts\/1442\/revisions\/1616"}],"wp:featuredmedia":[{"embeddable":true,"href":"https:\/\/www.tines-werkstatt.de\/index.php?rest_route=\/wp\/v2\/media\/1456"}],"wp:attachment":[{"href":"https:\/\/www.tines-werkstatt.de\/index.php?rest_route=%2Fwp%2Fv2%2Fmedia&parent=1442"}],"wp:term":[{"taxonomy":"category","embeddable":true,"href":"https:\/\/www.tines-werkstatt.de\/index.php?rest_route=%2Fwp%2Fv2%2Fcategories&post=1442"},{"taxonomy":"post_tag","embeddable":true,"href":"https:\/\/www.tines-werkstatt.de\/index.php?rest_route=%2Fwp%2Fv2%2Ftags&post=1442"}],"curies":[{"name":"wp","href":"https:\/\/api.w.org\/{rel}","templated":true}]}}