{"id":1433,"date":"2016-10-31T16:15:27","date_gmt":"2016-10-31T16:15:27","guid":{"rendered":"http:\/\/www.tines-werkstatt.de\/?p=1433"},"modified":"2019-03-04T17:57:22","modified_gmt":"2019-03-04T17:57:22","slug":"beanie-fuer-den-kleinen-mann","status":"publish","type":"post","link":"https:\/\/www.tines-werkstatt.de\/?p=1433","title":{"rendered":"Beanie f\u00fcr den kleinen Mann"},"content":{"rendered":"\n<p>Es ist wieder M\u00fctzenzeit und der Kopf des kleinen Mannes ist gewachsen. So habe ich ihm heute eine neue Beanie-M\u00fctze passend zur neuen Jacke gen\u00e4ht:<\/p>\n\n\n\n<ul class=\"wp-block-gallery columns-2 is-cropped wp-block-gallery-1 is-layout-flex wp-block-gallery-is-layout-flex\"><li class=\"blocks-gallery-item\"><figure><img loading=\"lazy\" decoding=\"async\" width=\"577\" height=\"1024\" src=\"https:\/\/www.tines-werkstatt.de\/wp-content\/uploads\/2016\/10\/WP_20161031_11_50_32_Proklein-577x1024.jpg\" alt=\"\" data-id=\"1434\" data-link=\"https:\/\/www.tines-werkstatt.de\/?attachment_id=1434\" class=\"wp-image-1434\" srcset=\"https:\/\/www.tines-werkstatt.de\/wp-content\/uploads\/2016\/10\/WP_20161031_11_50_32_Proklein-577x1024.jpg 577w, https:\/\/www.tines-werkstatt.de\/wp-content\/uploads\/2016\/10\/WP_20161031_11_50_32_Proklein-169x300.jpg 169w, https:\/\/www.tines-werkstatt.de\/wp-content\/uploads\/2016\/10\/WP_20161031_11_50_32_Proklein-768x1362.jpg 768w, https:\/\/www.tines-werkstatt.de\/wp-content\/uploads\/2016\/10\/WP_20161031_11_50_32_Proklein.jpg 1840w\" sizes=\"(max-width: 577px) 100vw, 577px\" \/><\/figure><\/li><li class=\"blocks-gallery-item\"><figure><img loading=\"lazy\" decoding=\"async\" width=\"721\" height=\"1024\" src=\"https:\/\/www.tines-werkstatt.de\/wp-content\/uploads\/2016\/10\/WP_20161031_11_52_55_Pro-1-721x1024.jpg\" alt=\"\" data-id=\"1436\" data-link=\"https:\/\/www.tines-werkstatt.de\/?attachment_id=1436\" class=\"wp-image-1436\" srcset=\"https:\/\/www.tines-werkstatt.de\/wp-content\/uploads\/2016\/10\/WP_20161031_11_52_55_Pro-1-721x1024.jpg 721w, https:\/\/www.tines-werkstatt.de\/wp-content\/uploads\/2016\/10\/WP_20161031_11_52_55_Pro-1-211x300.jpg 211w, https:\/\/www.tines-werkstatt.de\/wp-content\/uploads\/2016\/10\/WP_20161031_11_52_55_Pro-1-768x1091.jpg 768w, https:\/\/www.tines-werkstatt.de\/wp-content\/uploads\/2016\/10\/WP_20161031_11_52_55_Pro-1.jpg 1840w\" sizes=\"(max-width: 721px) 100vw, 721px\" \/><\/figure><\/li><\/ul>\n\n\n\n<p>Schon lange hatte ich die Plotterdatei &#8222;cool BOY&#8220; im Blick und so wurde die M\u00fctze noch gepimpt. Die Anleitung zum Beanie ist von Hamburger Liebe&nbsp; und <a href=\"http:\/\/hamburgerliebe.blogspot.de\/2013\/11\/beanie-und-loop-mit-sternen.html\">hier<\/a> zu finden. Die Plotterdatei ist von Misses Cherry und kann bei Stoff &amp; Liebe exklusiv <a href=\"http:\/\/stoffundliebe.blogspot.de\/p\/downloads.html\">heruntergeladen<\/a> werden.<\/p>\n\n\n\n<p>Zu einem Tragebild konnte ich ihn leider nicht \u00fcberreden, aber seine Schwester hat das f\u00fcr ihn gern \u00fcbernommen :-)<\/p>\n\n\n\n<p>Ich w\u00fcnsche Euch einen sch\u00f6nen Start in die Woche.<\/p>\n\n\n\n<p>Bis bald, Tine ;-)<\/p>\n","protected":false},"excerpt":{"rendered":"<p>Es ist wieder M\u00fctzenzeit und der Kopf des kleinen Mannes ist gewachsen. So habe ich ihm heute eine neue Beanie-M\u00fctze passend zur neuen Jacke gen\u00e4ht: Schon lange hatte ich die Plotterdatei &#8222;cool BOY&#8220; im&#46;&#46;&#46;<\/p>\n","protected":false},"author":2,"featured_media":1434,"comment_status":"open","ping_status":"closed","sticky":false,"template":"","format":"standard","meta":{"footnotes":""},"categories":[62],"tags":[68,41,48,66,33,8,67,69],"class_list":["post-1433","post","type-post","status-publish","format-standard","has-post-thumbnail","hentry","category-handmade","tag-jersey","tag-kinderkram","tag-kleidung","tag-made4boys","tag-mutze","tag-nahen","tag-overlock","tag-plotten"],"_links":{"self":[{"href":"https:\/\/www.tines-werkstatt.de\/index.php?rest_route=\/wp\/v2\/posts\/1433"}],"collection":[{"href":"https:\/\/www.tines-werkstatt.de\/index.php?rest_route=\/wp\/v2\/posts"}],"about":[{"href":"https:\/\/www.tines-werkstatt.de\/index.php?rest_route=\/wp\/v2\/types\/post"}],"author":[{"embeddable":true,"href":"https:\/\/www.tines-werkstatt.de\/index.php?rest_route=\/wp\/v2\/users\/2"}],"replies":[{"embeddable":true,"href":"https:\/\/www.tines-werkstatt.de\/index.php?rest_route=%2Fwp%2Fv2%2Fcomments&post=1433"}],"version-history":[{"count":5,"href":"https:\/\/www.tines-werkstatt.de\/index.php?rest_route=\/wp\/v2\/posts\/1433\/revisions"}],"predecessor-version":[{"id":1926,"href":"https:\/\/www.tines-werkstatt.de\/index.php?rest_route=\/wp\/v2\/posts\/1433\/revisions\/1926"}],"wp:featuredmedia":[{"embeddable":true,"href":"https:\/\/www.tines-werkstatt.de\/index.php?rest_route=\/wp\/v2\/media\/1434"}],"wp:attachment":[{"href":"https:\/\/www.tines-werkstatt.de\/index.php?rest_route=%2Fwp%2Fv2%2Fmedia&parent=1433"}],"wp:term":[{"taxonomy":"category","embeddable":true,"href":"https:\/\/www.tines-werkstatt.de\/index.php?rest_route=%2Fwp%2Fv2%2Fcategories&post=1433"},{"taxonomy":"post_tag","embeddable":true,"href":"https:\/\/www.tines-werkstatt.de\/index.php?rest_route=%2Fwp%2Fv2%2Ftags&post=1433"}],"curies":[{"name":"wp","href":"https:\/\/api.w.org\/{rel}","templated":true}]}}