{"id":1384,"date":"2015-08-31T20:37:44","date_gmt":"2015-08-31T20:37:44","guid":{"rendered":"http:\/\/www.tines-werkstatt.de\/?p=1384"},"modified":"2022-02-18T18:31:13","modified_gmt":"2022-02-18T18:31:13","slug":"neue-schuhe-schon-in-gr-2223","status":"publish","type":"post","link":"https:\/\/www.tines-werkstatt.de\/?p=1384","title":{"rendered":"Neue Schuhe &#8211; schon in Gr. 22\/23"},"content":{"rendered":"<p>Die letzten Lederpuschen sind schon fast zu klein &#8211; so habe ich k\u00fcrzlich eine Mittagspause genutzt und ein paar Neue in der n\u00e4chsten Gr\u00f6\u00dfe gen\u00e4ht. Ziemlich \u00e4hnlich dem Vorg\u00e4ngermodell &#8211; aber jetzt mit &#8222;brumm-brumm&#8220; drauf:<\/p>\n\n\n<div class=\"wp-block-image\"><figure class=\"aligncenter size-large is-resized\"><img loading=\"lazy\" decoding=\"async\" src=\"https:\/\/www.tines-werkstatt.de\/wp-content\/uploads\/2015\/08\/IMG_6422_b_klein-1024x704.jpg\" alt=\"\" class=\"wp-image-1385\" width=\"512\" height=\"352\" srcset=\"https:\/\/www.tines-werkstatt.de\/wp-content\/uploads\/2015\/08\/IMG_6422_b_klein-1024x704.jpg 1024w, https:\/\/www.tines-werkstatt.de\/wp-content\/uploads\/2015\/08\/IMG_6422_b_klein-300x206.jpg 300w\" sizes=\"(max-width: 512px) 100vw, 512px\" \/><\/figure><\/div>\n\n\n\n<p>Schnittmuster: Puschen von klimperklein in Gr. 22\/23, schwarzes Leder vom Sofa, graues Leder von <a href=\"http:\/\/www.joeundanna.de\/\" target=\"_blank\" rel=\"noreferrer noopener\">joeundanna<\/a>, Webband wieder aus dem gro\u00dfen eigenen Vorrat. Das n\u00e4chste Paar muss nun unbedingt f\u00fcrs Tochterkind sein &#8211; sie ist schon ganz traurig, dass die F\u00fc\u00dfe gerade nicht so dolle wachsen&#8230;<\/p>\n\n\n\n<p>Bis bald, Tine :-)<\/p>\n","protected":false},"excerpt":{"rendered":"<p>Die letzten Lederpuschen sind schon fast zu klein &#8211; so habe ich k\u00fcrzlich eine Mittagspause genutzt und ein paar Neue in der n\u00e4chsten Gr\u00f6\u00dfe gen\u00e4ht. Ziemlich \u00e4hnlich dem Vorg\u00e4ngermodell &#8211; aber jetzt mit &#8222;brumm-brumm&#8220;&#46;&#46;&#46;<\/p>\n","protected":false},"author":2,"featured_media":1385,"comment_status":"open","ping_status":"closed","sticky":false,"template":"","format":"standard","meta":{"footnotes":""},"categories":[62],"tags":[64,82,66,8,31,27],"class_list":["post-1384","post","type-post","status-publish","format-standard","has-post-thumbnail","hentry","category-handmade","tag-leder","tag-lederpuschen","tag-made4boys","tag-nahen","tag-praktisches","tag-recycling"],"_links":{"self":[{"href":"https:\/\/www.tines-werkstatt.de\/index.php?rest_route=\/wp\/v2\/posts\/1384"}],"collection":[{"href":"https:\/\/www.tines-werkstatt.de\/index.php?rest_route=\/wp\/v2\/posts"}],"about":[{"href":"https:\/\/www.tines-werkstatt.de\/index.php?rest_route=\/wp\/v2\/types\/post"}],"author":[{"embeddable":true,"href":"https:\/\/www.tines-werkstatt.de\/index.php?rest_route=\/wp\/v2\/users\/2"}],"replies":[{"embeddable":true,"href":"https:\/\/www.tines-werkstatt.de\/index.php?rest_route=%2Fwp%2Fv2%2Fcomments&post=1384"}],"version-history":[{"count":4,"href":"https:\/\/www.tines-werkstatt.de\/index.php?rest_route=\/wp\/v2\/posts\/1384\/revisions"}],"predecessor-version":[{"id":1966,"href":"https:\/\/www.tines-werkstatt.de\/index.php?rest_route=\/wp\/v2\/posts\/1384\/revisions\/1966"}],"wp:featuredmedia":[{"embeddable":true,"href":"https:\/\/www.tines-werkstatt.de\/index.php?rest_route=\/wp\/v2\/media\/1385"}],"wp:attachment":[{"href":"https:\/\/www.tines-werkstatt.de\/index.php?rest_route=%2Fwp%2Fv2%2Fmedia&parent=1384"}],"wp:term":[{"taxonomy":"category","embeddable":true,"href":"https:\/\/www.tines-werkstatt.de\/index.php?rest_route=%2Fwp%2Fv2%2Fcategories&post=1384"},{"taxonomy":"post_tag","embeddable":true,"href":"https:\/\/www.tines-werkstatt.de\/index.php?rest_route=%2Fwp%2Fv2%2Ftags&post=1384"}],"curies":[{"name":"wp","href":"https:\/\/api.w.org\/{rel}","templated":true}]}}