{"id":1354,"date":"2015-05-24T21:34:52","date_gmt":"2015-05-24T21:34:52","guid":{"rendered":"http:\/\/www.tines-werkstatt.de\/?p=1354"},"modified":"2022-02-18T17:55:34","modified_gmt":"2022-02-18T17:55:34","slug":"maritimes-fuer-den-ostseeurlaub","status":"publish","type":"post","link":"https:\/\/www.tines-werkstatt.de\/?p=1354","title":{"rendered":"Maritimes f\u00fcr den Ostseeurlaub"},"content":{"rendered":"<p>Im April waren wir 2 Wochen im Urlaub an der Ostsee (nat\u00fcrlich wieder in Prerow auf der Halbinsel Fischland-Dar\u00df-Zingst &#8211; wo sonst&#8230;). Unser beiden Kleinen wurden f\u00fcr die Reise mit einem martimen Shirt ausgestattet:<\/p>\n<p>M\u00e4dchenversion &#8211; Schnitt kleinFan\u00f6 \/ Gr 98-104:<\/p>\n<p style=\"text-align: center;\"><a href=\"https:\/\/www.tines-werkstatt.de\/wp-content\/uploads\/2015\/05\/DSCF5423_klein.jpg\"><img loading=\"lazy\" decoding=\"async\" class=\"aligncenter size-medium wp-image-1355\" alt=\"DSCF5423_klein\" src=\"https:\/\/www.tines-werkstatt.de\/wp-content\/uploads\/2015\/05\/DSCF5423_klein-300x225.jpg\" width=\"300\" height=\"225\" srcset=\"https:\/\/www.tines-werkstatt.de\/wp-content\/uploads\/2015\/05\/DSCF5423_klein-300x225.jpg 300w, https:\/\/www.tines-werkstatt.de\/wp-content\/uploads\/2015\/05\/DSCF5423_klein-1024x768.jpg 1024w, https:\/\/www.tines-werkstatt.de\/wp-content\/uploads\/2015\/05\/DSCF5423_klein.jpg 1184w\" sizes=\"(max-width: 300px) 100vw, 300px\" \/><\/a> <a href=\"https:\/\/www.tines-werkstatt.de\/wp-content\/uploads\/2015\/05\/DSCF5425_b_klein.jpg\"><img loading=\"lazy\" decoding=\"async\" class=\"aligncenter size-medium wp-image-1356\" alt=\"DSCF5425_b_klein\" src=\"https:\/\/www.tines-werkstatt.de\/wp-content\/uploads\/2015\/05\/DSCF5425_b_klein-225x300.jpg\" width=\"225\" height=\"300\" srcset=\"https:\/\/www.tines-werkstatt.de\/wp-content\/uploads\/2015\/05\/DSCF5425_b_klein-225x300.jpg 225w, https:\/\/www.tines-werkstatt.de\/wp-content\/uploads\/2015\/05\/DSCF5425_b_klein.jpg 704w\" sizes=\"(max-width: 225px) 100vw, 225px\" \/><\/a> <a href=\"https:\/\/www.tines-werkstatt.de\/wp-content\/uploads\/2015\/05\/DSCF5431_b_klein.jpg\"><img loading=\"lazy\" decoding=\"async\" class=\"aligncenter size-medium wp-image-1357\" alt=\"DSCF5431_b_klein\" src=\"https:\/\/www.tines-werkstatt.de\/wp-content\/uploads\/2015\/05\/DSCF5431_b_klein-300x225.jpg\" width=\"300\" height=\"225\" srcset=\"https:\/\/www.tines-werkstatt.de\/wp-content\/uploads\/2015\/05\/DSCF5431_b_klein-300x225.jpg 300w, https:\/\/www.tines-werkstatt.de\/wp-content\/uploads\/2015\/05\/DSCF5431_b_klein-1024x768.jpg 1024w, https:\/\/www.tines-werkstatt.de\/wp-content\/uploads\/2015\/05\/DSCF5431_b_klein.jpg 1184w\" sizes=\"(max-width: 300px) 100vw, 300px\" \/><\/a> <a href=\"https:\/\/www.tines-werkstatt.de\/wp-content\/uploads\/2015\/05\/DSCF5432_b_klein.jpg\"><img loading=\"lazy\" decoding=\"async\" class=\"aligncenter size-medium wp-image-1358\" alt=\"DSCF5432_b_klein\" src=\"https:\/\/www.tines-werkstatt.de\/wp-content\/uploads\/2015\/05\/DSCF5432_b_klein-300x225.jpg\" width=\"300\" height=\"225\" srcset=\"https:\/\/www.tines-werkstatt.de\/wp-content\/uploads\/2015\/05\/DSCF5432_b_klein-300x225.jpg 300w, https:\/\/www.tines-werkstatt.de\/wp-content\/uploads\/2015\/05\/DSCF5432_b_klein-1024x768.jpg 1024w, https:\/\/www.tines-werkstatt.de\/wp-content\/uploads\/2015\/05\/DSCF5432_b_klein.jpg 1184w\" sizes=\"(max-width: 300px) 100vw, 300px\" \/><\/a><\/p>\n<p>Da wir mit k\u00fchlem Ostseewetter gerechnet haben, habe ich den Schnitt etwas erg\u00e4nzt und die Kurzversion inklusive dem langen Unterzieh\u00e4rmel gen\u00e4ht. Als Vorlage diente mit die Anleitung von <a title=\"externer Link zu Mamahoch2\" href=\"http:\/\/www.mamahoch2.de\/2014\/07\/kurz-ueber-lang.html\" target=\"_blank\" rel=\"noopener\">Mamahoch2 &#8222;Kurz \u00fcber Lang&#8220;<\/a>.<\/p>\n<p>Jungsversion &#8211; Schnitt Raglanshirt von Klimperklein \/ Gr 86:<\/p>\n<p style=\"text-align: center;\">&nbsp;<a href=\"https:\/\/www.tines-werkstatt.de\/wp-content\/uploads\/2015\/05\/DSCF5428_klein.jpg\"><img loading=\"lazy\" decoding=\"async\" class=\"aligncenter size-medium wp-image-1360\" alt=\"DSCF5428_klein\" src=\"https:\/\/www.tines-werkstatt.de\/wp-content\/uploads\/2015\/05\/DSCF5428_klein-225x300.jpg\" width=\"225\" height=\"300\" srcset=\"https:\/\/www.tines-werkstatt.de\/wp-content\/uploads\/2015\/05\/DSCF5428_klein-225x300.jpg 225w, https:\/\/www.tines-werkstatt.de\/wp-content\/uploads\/2015\/05\/DSCF5428_klein.jpg 704w\" sizes=\"(max-width: 225px) 100vw, 225px\" \/><\/a><\/p>\n<p>\u00dcbrigens: Beide Kinder tragen ihre Shirts auch hier im Mitteldeutschland sehr gern &#8211; zumindest hat die kleine Frau dies schon mehrfach best\u00e4tigt ;-)<\/p>\n<p>Bis bald, Tine ;-)<\/p>\n","protected":false},"excerpt":{"rendered":"<p>Im April waren wir 2 Wochen im Urlaub an der Ostsee (nat\u00fcrlich wieder in Prerow auf der Halbinsel Fischland-Dar\u00df-Zingst &#8211; wo sonst&#8230;). Unser beiden Kleinen wurden f\u00fcr die Reise mit einem martimen Shirt ausgestattet:&#46;&#46;&#46;<\/p>\n","protected":false},"author":2,"featured_media":1355,"comment_status":"open","ping_status":"closed","sticky":false,"template":"","format":"standard","meta":{"footnotes":""},"categories":[62],"tags":[41,48,88,8],"class_list":["post-1354","post","type-post","status-publish","format-standard","has-post-thumbnail","hentry","category-handmade","tag-kinderkram","tag-kleidung","tag-made4girls","tag-nahen"],"_links":{"self":[{"href":"https:\/\/www.tines-werkstatt.de\/index.php?rest_route=\/wp\/v2\/posts\/1354"}],"collection":[{"href":"https:\/\/www.tines-werkstatt.de\/index.php?rest_route=\/wp\/v2\/posts"}],"about":[{"href":"https:\/\/www.tines-werkstatt.de\/index.php?rest_route=\/wp\/v2\/types\/post"}],"author":[{"embeddable":true,"href":"https:\/\/www.tines-werkstatt.de\/index.php?rest_route=\/wp\/v2\/users\/2"}],"replies":[{"embeddable":true,"href":"https:\/\/www.tines-werkstatt.de\/index.php?rest_route=%2Fwp%2Fv2%2Fcomments&post=1354"}],"version-history":[{"count":4,"href":"https:\/\/www.tines-werkstatt.de\/index.php?rest_route=\/wp\/v2\/posts\/1354\/revisions"}],"predecessor-version":[{"id":2203,"href":"https:\/\/www.tines-werkstatt.de\/index.php?rest_route=\/wp\/v2\/posts\/1354\/revisions\/2203"}],"wp:featuredmedia":[{"embeddable":true,"href":"https:\/\/www.tines-werkstatt.de\/index.php?rest_route=\/wp\/v2\/media\/1355"}],"wp:attachment":[{"href":"https:\/\/www.tines-werkstatt.de\/index.php?rest_route=%2Fwp%2Fv2%2Fmedia&parent=1354"}],"wp:term":[{"taxonomy":"category","embeddable":true,"href":"https:\/\/www.tines-werkstatt.de\/index.php?rest_route=%2Fwp%2Fv2%2Fcategories&post=1354"},{"taxonomy":"post_tag","embeddable":true,"href":"https:\/\/www.tines-werkstatt.de\/index.php?rest_route=%2Fwp%2Fv2%2Ftags&post=1354"}],"curies":[{"name":"wp","href":"https:\/\/api.w.org\/{rel}","templated":true}]}}