{"id":1351,"date":"2015-05-24T21:20:32","date_gmt":"2015-05-24T21:20:32","guid":{"rendered":"http:\/\/www.tines-werkstatt.de\/?p=1351"},"modified":"2022-02-18T18:35:29","modified_gmt":"2022-02-18T18:35:29","slug":"halsschmeichler-2","status":"publish","type":"post","link":"https:\/\/www.tines-werkstatt.de\/?p=1351","title":{"rendered":"Halsschmeichler"},"content":{"rendered":"<p>F\u00fcr die windigen Tage im Fr\u00fchjahr sind diese 3 neuen Halssocken entstanden. Beide Kinder tragen zurzeit die gleiche Gr\u00f6\u00dfe &#8211; das vereinfacht den Zuschnitt ungemein:<\/p>\n<p style=\"text-align: center;\"><a href=\"https:\/\/www.tines-werkstatt.de\/wp-content\/uploads\/2015\/05\/DSCF5429_b_klein.jpg\"><img loading=\"lazy\" decoding=\"async\" width=\"300\" height=\"197\" class=\"aligncenter size-medium wp-image-1352\" alt=\"DSCF5429_b_klein\" src=\"https:\/\/www.tines-werkstatt.de\/wp-content\/uploads\/2015\/05\/DSCF5429_b_klein-300x197.jpg\" srcset=\"https:\/\/www.tines-werkstatt.de\/wp-content\/uploads\/2015\/05\/DSCF5429_b_klein-300x197.jpg 300w, https:\/\/www.tines-werkstatt.de\/wp-content\/uploads\/2015\/05\/DSCF5429_b_klein-1024x674.jpg 1024w, https:\/\/www.tines-werkstatt.de\/wp-content\/uploads\/2015\/05\/DSCF5429_b_klein.jpg 1184w\" sizes=\"(max-width: 300px) 100vw, 300px\" \/><\/a><\/p>\n<p>Die beiden Version mit den Sternchen sind f\u00fcr den kleinen Mann und die Wald-Fuchs-Version (Stoff von Blaubeerstern) ist f\u00fcr die kleine Frau. Alle 3 sind bereits im Dauereinsatz. Der Schnitt ist wie immer von <a title=\"externer Link zu olilu\" href=\"http:\/\/www.olilu.de\/category\/tutorial\/http:\/\/\" target=\"_blank\" rel=\"noopener\">olilu<\/a>.<\/p>\n<p>Bis bald, Tine ;-)<\/p>\n<p>&nbsp;<\/p>\n","protected":false},"excerpt":{"rendered":"<p>F\u00fcr die windigen Tage im Fr\u00fchjahr sind diese 3 neuen Halssocken entstanden. Beide Kinder tragen zurzeit die gleiche Gr\u00f6\u00dfe &#8211; das vereinfacht den Zuschnitt ungemein: Die beiden Version mit den Sternchen sind f\u00fcr den&#46;&#46;&#46;<\/p>\n","protected":false},"author":2,"featured_media":1352,"comment_status":"open","ping_status":"closed","sticky":false,"template":"","format":"standard","meta":{"footnotes":""},"categories":[62],"tags":[41,66,8],"class_list":["post-1351","post","type-post","status-publish","format-standard","has-post-thumbnail","hentry","category-handmade","tag-kinderkram","tag-made4boys","tag-nahen"],"_links":{"self":[{"href":"https:\/\/www.tines-werkstatt.de\/index.php?rest_route=\/wp\/v2\/posts\/1351"}],"collection":[{"href":"https:\/\/www.tines-werkstatt.de\/index.php?rest_route=\/wp\/v2\/posts"}],"about":[{"href":"https:\/\/www.tines-werkstatt.de\/index.php?rest_route=\/wp\/v2\/types\/post"}],"author":[{"embeddable":true,"href":"https:\/\/www.tines-werkstatt.de\/index.php?rest_route=\/wp\/v2\/users\/2"}],"replies":[{"embeddable":true,"href":"https:\/\/www.tines-werkstatt.de\/index.php?rest_route=%2Fwp%2Fv2%2Fcomments&post=1351"}],"version-history":[{"count":3,"href":"https:\/\/www.tines-werkstatt.de\/index.php?rest_route=\/wp\/v2\/posts\/1351\/revisions"}],"predecessor-version":[{"id":2206,"href":"https:\/\/www.tines-werkstatt.de\/index.php?rest_route=\/wp\/v2\/posts\/1351\/revisions\/2206"}],"wp:featuredmedia":[{"embeddable":true,"href":"https:\/\/www.tines-werkstatt.de\/index.php?rest_route=\/wp\/v2\/media\/1352"}],"wp:attachment":[{"href":"https:\/\/www.tines-werkstatt.de\/index.php?rest_route=%2Fwp%2Fv2%2Fmedia&parent=1351"}],"wp:term":[{"taxonomy":"category","embeddable":true,"href":"https:\/\/www.tines-werkstatt.de\/index.php?rest_route=%2Fwp%2Fv2%2Fcategories&post=1351"},{"taxonomy":"post_tag","embeddable":true,"href":"https:\/\/www.tines-werkstatt.de\/index.php?rest_route=%2Fwp%2Fv2%2Ftags&post=1351"}],"curies":[{"name":"wp","href":"https:\/\/api.w.org\/{rel}","templated":true}]}}