{"id":1340,"date":"2015-05-24T21:12:43","date_gmt":"2015-05-24T21:12:43","guid":{"rendered":"http:\/\/www.tines-werkstatt.de\/?p=1340"},"modified":"2020-01-04T22:31:11","modified_gmt":"2020-01-04T22:31:11","slug":"tasche-fuer-mich-und-meine-schwester","status":"publish","type":"post","link":"https:\/\/www.tines-werkstatt.de\/?p=1340","title":{"rendered":"Tasche f\u00fcr meine Schwester und mich"},"content":{"rendered":"<p>Auf meiner To-Do-Liste steht seit langem die Charlie-Bag von burdastyle. Als Caro von &#8222;Drau\u00dfen nur K\u00e4nnchen!&#8220; als lillesol &amp; pelle &#8211; Elternzeit-Blog-Vertretung das Tutorial zum Thema &#8222;wie bekomme ich Gurtb\u00e4nder an die Charlie-Bag&#8220;, war die Idee f\u00fcr eine neue Tasche geboren. Diese beiden Versionen sind von der Maschine geh\u00fcpft:<\/p>\n<p>Modell f\u00fcr meine Schwester in gr\u00fcn:<\/p>\n\n\n<figure class=\"wp-block-gallery columns-3 is-cropped wp-block-gallery-1 is-layout-flex wp-block-gallery-is-layout-flex\"><ul class=\"blocks-gallery-grid\"><li class=\"blocks-gallery-item\"><figure><img loading=\"lazy\" decoding=\"async\" width=\"704\" height=\"938\" src=\"https:\/\/www.tines-werkstatt.de\/wp-content\/uploads\/2015\/05\/DSCF5256_b_klein.jpg\" alt=\"\" data-id=\"1344\" data-full-url=\"https:\/\/www.tines-werkstatt.de\/wp-content\/uploads\/2015\/05\/DSCF5256_b_klein.jpg\" data-link=\"https:\/\/www.tines-werkstatt.de\/?attachment_id=1344\" class=\"wp-image-1344\" srcset=\"https:\/\/www.tines-werkstatt.de\/wp-content\/uploads\/2015\/05\/DSCF5256_b_klein.jpg 704w, https:\/\/www.tines-werkstatt.de\/wp-content\/uploads\/2015\/05\/DSCF5256_b_klein-225x300.jpg 225w\" sizes=\"(max-width: 704px) 100vw, 704px\" \/><\/figure><\/li><li class=\"blocks-gallery-item\"><figure><img loading=\"lazy\" decoding=\"async\" width=\"704\" height=\"938\" src=\"https:\/\/www.tines-werkstatt.de\/wp-content\/uploads\/2015\/05\/DSCF5257_b_klein.jpg\" alt=\"\" data-id=\"1345\" data-full-url=\"https:\/\/www.tines-werkstatt.de\/wp-content\/uploads\/2015\/05\/DSCF5257_b_klein.jpg\" data-link=\"https:\/\/www.tines-werkstatt.de\/?attachment_id=1345\" class=\"wp-image-1345\" srcset=\"https:\/\/www.tines-werkstatt.de\/wp-content\/uploads\/2015\/05\/DSCF5257_b_klein.jpg 704w, https:\/\/www.tines-werkstatt.de\/wp-content\/uploads\/2015\/05\/DSCF5257_b_klein-225x300.jpg 225w\" sizes=\"(max-width: 704px) 100vw, 704px\" \/><\/figure><\/li><li class=\"blocks-gallery-item\"><figure><img loading=\"lazy\" decoding=\"async\" width=\"1024\" height=\"768\" src=\"https:\/\/www.tines-werkstatt.de\/wp-content\/uploads\/2015\/05\/DSCF5258_b_klein-1024x768.jpg\" alt=\"\" data-id=\"1346\" data-full-url=\"https:\/\/www.tines-werkstatt.de\/wp-content\/uploads\/2015\/05\/DSCF5258_b_klein.jpg\" data-link=\"https:\/\/www.tines-werkstatt.de\/?attachment_id=1346\" class=\"wp-image-1346\" srcset=\"https:\/\/www.tines-werkstatt.de\/wp-content\/uploads\/2015\/05\/DSCF5258_b_klein-1024x768.jpg 1024w, https:\/\/www.tines-werkstatt.de\/wp-content\/uploads\/2015\/05\/DSCF5258_b_klein-300x225.jpg 300w, https:\/\/www.tines-werkstatt.de\/wp-content\/uploads\/2015\/05\/DSCF5258_b_klein.jpg 1184w\" sizes=\"(max-width: 1024px) 100vw, 1024px\" \/><\/figure><\/li><\/ul><\/figure>\n\n\n\n<p> Modell f\u00fcr mich in rot: <\/p>\n\n\n\n<figure class=\"wp-block-gallery columns-3 is-cropped wp-block-gallery-2 is-layout-flex wp-block-gallery-is-layout-flex\"><ul class=\"blocks-gallery-grid\"><li class=\"blocks-gallery-item\"><figure><img loading=\"lazy\" decoding=\"async\" width=\"761\" height=\"938\" src=\"https:\/\/www.tines-werkstatt.de\/wp-content\/uploads\/2015\/05\/DSCF5395_b_klein1.jpg\" alt=\"\" data-id=\"1349\" data-full-url=\"https:\/\/www.tines-werkstatt.de\/wp-content\/uploads\/2015\/05\/DSCF5395_b_klein1.jpg\" data-link=\"https:\/\/www.tines-werkstatt.de\/?attachment_id=1349\" class=\"wp-image-1349\" srcset=\"https:\/\/www.tines-werkstatt.de\/wp-content\/uploads\/2015\/05\/DSCF5395_b_klein1.jpg 761w, https:\/\/www.tines-werkstatt.de\/wp-content\/uploads\/2015\/05\/DSCF5395_b_klein1-243x300.jpg 243w\" sizes=\"(max-width: 761px) 100vw, 761px\" \/><\/figure><\/li><li class=\"blocks-gallery-item\"><figure><img loading=\"lazy\" decoding=\"async\" width=\"761\" height=\"938\" src=\"https:\/\/www.tines-werkstatt.de\/wp-content\/uploads\/2015\/05\/DSCF5395_b_klein.jpg\" alt=\"\" data-id=\"1347\" data-full-url=\"https:\/\/www.tines-werkstatt.de\/wp-content\/uploads\/2015\/05\/DSCF5395_b_klein.jpg\" data-link=\"https:\/\/www.tines-werkstatt.de\/?attachment_id=1347\" class=\"wp-image-1347\" srcset=\"https:\/\/www.tines-werkstatt.de\/wp-content\/uploads\/2015\/05\/DSCF5395_b_klein.jpg 761w, https:\/\/www.tines-werkstatt.de\/wp-content\/uploads\/2015\/05\/DSCF5395_b_klein-243x300.jpg 243w\" sizes=\"(max-width: 761px) 100vw, 761px\" \/><\/figure><\/li><li class=\"blocks-gallery-item\"><figure><img loading=\"lazy\" decoding=\"async\" width=\"704\" height=\"938\" src=\"https:\/\/www.tines-werkstatt.de\/wp-content\/uploads\/2015\/05\/DSCF5396_b_klein.jpg\" alt=\"\" data-id=\"1348\" data-full-url=\"https:\/\/www.tines-werkstatt.de\/wp-content\/uploads\/2015\/05\/DSCF5396_b_klein.jpg\" data-link=\"https:\/\/www.tines-werkstatt.de\/?attachment_id=1348\" class=\"wp-image-1348\" srcset=\"https:\/\/www.tines-werkstatt.de\/wp-content\/uploads\/2015\/05\/DSCF5396_b_klein.jpg 704w, https:\/\/www.tines-werkstatt.de\/wp-content\/uploads\/2015\/05\/DSCF5396_b_klein-225x300.jpg 225w\" sizes=\"(max-width: 704px) 100vw, 704px\" \/><\/figure><\/li><\/ul><\/figure>\n\n\n\n<p>Die verwendete Stickdatei hei\u00dft Blumenwiese und ist von froschfuss. Die Gurtb\u00e4nder habe ich von alles-fuer-selbermacher.de. Der Jeansstoff ist von Buttinette und das Innenfutter habe ich mal auf verschiedenen Stoffm\u00e4rkten gekauft.<\/p>\n\n\n\n<p>Bis bald, Tine ;-)<\/p>\n","protected":false},"excerpt":{"rendered":"<p>Auf meiner To-Do-Liste steht seit langem die Charlie-Bag von burdastyle. Als Caro von &#8222;Drau\u00dfen nur K\u00e4nnchen!&#8220; als lillesol &amp; pelle &#8211; Elternzeit-Blog-Vertretung das Tutorial zum Thema &#8222;wie bekomme ich Gurtb\u00e4nder an die Charlie-Bag&#8220;, war&#46;&#46;&#46;<\/p>\n","protected":false},"author":2,"featured_media":1349,"comment_status":"open","ping_status":"closed","sticky":false,"template":"","format":"standard","meta":{"footnotes":""},"categories":[62],"tags":[8,43,10],"class_list":["post-1340","post","type-post","status-publish","format-standard","has-post-thumbnail","hentry","category-handmade","tag-nahen","tag-sticken","tag-tasche"],"_links":{"self":[{"href":"https:\/\/www.tines-werkstatt.de\/index.php?rest_route=\/wp\/v2\/posts\/1340"}],"collection":[{"href":"https:\/\/www.tines-werkstatt.de\/index.php?rest_route=\/wp\/v2\/posts"}],"about":[{"href":"https:\/\/www.tines-werkstatt.de\/index.php?rest_route=\/wp\/v2\/types\/post"}],"author":[{"embeddable":true,"href":"https:\/\/www.tines-werkstatt.de\/index.php?rest_route=\/wp\/v2\/users\/2"}],"replies":[{"embeddable":true,"href":"https:\/\/www.tines-werkstatt.de\/index.php?rest_route=%2Fwp%2Fv2%2Fcomments&post=1340"}],"version-history":[{"count":6,"href":"https:\/\/www.tines-werkstatt.de\/index.php?rest_route=\/wp\/v2\/posts\/1340\/revisions"}],"predecessor-version":[{"id":2005,"href":"https:\/\/www.tines-werkstatt.de\/index.php?rest_route=\/wp\/v2\/posts\/1340\/revisions\/2005"}],"wp:featuredmedia":[{"embeddable":true,"href":"https:\/\/www.tines-werkstatt.de\/index.php?rest_route=\/wp\/v2\/media\/1349"}],"wp:attachment":[{"href":"https:\/\/www.tines-werkstatt.de\/index.php?rest_route=%2Fwp%2Fv2%2Fmedia&parent=1340"}],"wp:term":[{"taxonomy":"category","embeddable":true,"href":"https:\/\/www.tines-werkstatt.de\/index.php?rest_route=%2Fwp%2Fv2%2Fcategories&post=1340"},{"taxonomy":"post_tag","embeddable":true,"href":"https:\/\/www.tines-werkstatt.de\/index.php?rest_route=%2Fwp%2Fv2%2Ftags&post=1340"}],"curies":[{"name":"wp","href":"https:\/\/api.w.org\/{rel}","templated":true}]}}