{"id":1322,"date":"2015-03-03T14:31:47","date_gmt":"2015-03-03T14:31:47","guid":{"rendered":"http:\/\/www.tines-werkstatt.de\/?p=1322"},"modified":"2022-02-18T18:35:37","modified_gmt":"2022-02-18T18:35:37","slug":"frida-2-0-von-milchmonster","status":"publish","type":"post","link":"https:\/\/www.tines-werkstatt.de\/?p=1322","title":{"rendered":"Frida 2.0 von Milchmonster"},"content":{"rendered":"<p>Das Ebook Frida 2.0 von Milchmonster habe ich schon eine Weile bei mir liegen. Wie immer war ich unentschlossen, welche Stoffe ich am besten kombiniere. Als mein T\u00f6chterchen mir am vergangenen Wochenende jedoch erz\u00e4hlte, das die rote Hose zu eng ist, da hat sich die Sache dann schnell gefunden. Endlich habe ich den Jersey in Jeans-Optik angeschnitten, graue B\u00fcndchenware dazu und noch ein Rest von gr\u00fcnen Blumenstoff (von dem tr\u00e4gt sie mit Vorliebe ihre Halssocke):<\/p>\n<p style=\"text-align: center;\">&nbsp;<img loading=\"lazy\" decoding=\"async\" width=\"225\" height=\"300\" class=\"aligncenter wp-image-1326 size-medium\" alt=\"DSCF5237_b_klein\" src=\"https:\/\/www.tines-werkstatt.de\/wp-content\/uploads\/2015\/03\/DSCF5237_b_klein-225x300.jpg\" srcset=\"https:\/\/www.tines-werkstatt.de\/wp-content\/uploads\/2015\/03\/DSCF5237_b_klein-225x300.jpg 225w, https:\/\/www.tines-werkstatt.de\/wp-content\/uploads\/2015\/03\/DSCF5237_b_klein.jpg 704w\" sizes=\"(max-width: 225px) 100vw, 225px\" \/><\/p>\n<p>Der Schnitt ist wirklich easy zu n\u00e4hen &#8211; das Ebook ist sehr gut aufgebaut. Ich habe die Hose in Gr\u00f6\u00dfe 104 &#8211; nat\u00fcrlich in der Version &#8222;ohne Windel&#8220; gen\u00e4ht. Das finde ich \u00fcbrigens richtig super, dass in diesem Ebook auf den Windelpopo eingegangen wird. Gerade in den kleineren Gr\u00f6\u00dfen ist das schon noch entscheidend. Es gibt zahlreiche Variationen mit den Taschen usw. Ich habe mich f\u00fcr die innenliegenden Taschen &#8211; erg\u00e4nzt um kleine B\u00fcndchen &#8211; und den normalen Schnitt entschieden. Zum Schluss habe ich wieder etwas gepeppt und habe diesmal aus der Serie <a title=\"externer Link zu peppauf.de\" href=\"http:\/\/www.peppauf.de\/epages\/62361801.sf\/de_DE\/?ObjectPath=\/Shops\/62361801\/Products\/v1363ElefantmMauskl\" target=\"_blank\" rel=\"noopener\">&#8222;good friends&#8220; den Elefant mit Maus<\/a> in grau aufgeb\u00fcgelt.<\/p>\n<p>Das T\u00f6chterchen ist zufrieden und hat die Hose gleich in Beschlag genommen &#8211; was will man (hier Frau) mehr?!<\/p>\n<p>Nun ab zum <a title=\"Externer Link: creadienstag #165\" href=\"http:\/\/www.creadienstag.de\/2015\/03\/165.html\" target=\"_blank\" rel=\"noopener\">creadienstag #165<\/a>.<\/p>\n<p>Bis bald, Tine ;-)<\/p>\n","protected":false},"excerpt":{"rendered":"<p>Das Ebook Frida 2.0 von Milchmonster habe ich schon eine Weile bei mir liegen. Wie immer war ich unentschlossen, welche Stoffe ich am besten kombiniere. Als mein T\u00f6chterchen mir am vergangenen Wochenende jedoch erz\u00e4hlte,&#46;&#46;&#46;<\/p>\n","protected":false},"author":2,"featured_media":1326,"comment_status":"open","ping_status":"closed","sticky":false,"template":"","format":"standard","meta":{"footnotes":""},"categories":[62],"tags":[41,48,88,8],"class_list":["post-1322","post","type-post","status-publish","format-standard","has-post-thumbnail","hentry","category-handmade","tag-kinderkram","tag-kleidung","tag-made4girls","tag-nahen"],"_links":{"self":[{"href":"https:\/\/www.tines-werkstatt.de\/index.php?rest_route=\/wp\/v2\/posts\/1322"}],"collection":[{"href":"https:\/\/www.tines-werkstatt.de\/index.php?rest_route=\/wp\/v2\/posts"}],"about":[{"href":"https:\/\/www.tines-werkstatt.de\/index.php?rest_route=\/wp\/v2\/types\/post"}],"author":[{"embeddable":true,"href":"https:\/\/www.tines-werkstatt.de\/index.php?rest_route=\/wp\/v2\/users\/2"}],"replies":[{"embeddable":true,"href":"https:\/\/www.tines-werkstatt.de\/index.php?rest_route=%2Fwp%2Fv2%2Fcomments&post=1322"}],"version-history":[{"count":8,"href":"https:\/\/www.tines-werkstatt.de\/index.php?rest_route=\/wp\/v2\/posts\/1322\/revisions"}],"predecessor-version":[{"id":2207,"href":"https:\/\/www.tines-werkstatt.de\/index.php?rest_route=\/wp\/v2\/posts\/1322\/revisions\/2207"}],"wp:featuredmedia":[{"embeddable":true,"href":"https:\/\/www.tines-werkstatt.de\/index.php?rest_route=\/wp\/v2\/media\/1326"}],"wp:attachment":[{"href":"https:\/\/www.tines-werkstatt.de\/index.php?rest_route=%2Fwp%2Fv2%2Fmedia&parent=1322"}],"wp:term":[{"taxonomy":"category","embeddable":true,"href":"https:\/\/www.tines-werkstatt.de\/index.php?rest_route=%2Fwp%2Fv2%2Fcategories&post=1322"},{"taxonomy":"post_tag","embeddable":true,"href":"https:\/\/www.tines-werkstatt.de\/index.php?rest_route=%2Fwp%2Fv2%2Ftags&post=1322"}],"curies":[{"name":"wp","href":"https:\/\/api.w.org\/{rel}","templated":true}]}}