{"id":1313,"date":"2015-03-01T21:47:34","date_gmt":"2015-03-01T21:47:34","guid":{"rendered":"http:\/\/www.tines-werkstatt.de\/?p=1313"},"modified":"2020-01-04T21:52:43","modified_gmt":"2020-01-04T21:52:43","slug":"naeh-gewichte-fuer-die-werkstatt","status":"publish","type":"post","link":"https:\/\/www.tines-werkstatt.de\/?p=1313","title":{"rendered":"N\u00e4h-Gewichte f\u00fcr die Werkstatt"},"content":{"rendered":"<p>Bei Farbenmix gibt es das Kreativ-(Free)-Ebook &#8222;N\u00e4h-Gwichte&#8220; von Susana von by <a href=\"https:\/\/farbenmix.de\/by-susuko\/\">SusuKo<\/a>. Sie hatte die Idee, mit Unterlegscheiben aus dem Baumarkt Gewichte herzustellen, die sehr hilfreich beim Aufzeichnen und Ausschneiden der Schnittmuster sind. Ich war begeistert und beim letzten Baumarkt-Besuch stand ich zum Erstaunen des Mannes vor dem Schraubenregal und habe f\u00fcr mich zugeschlagen. Die Scheiben sind aus Eisen und haben einen Durchmesser von 8 cm und sind damit sch\u00f6n schwer. Eingen\u00e4ht habe ich diese in grauen Filz und die Kn\u00f6pfe sind aus meinem Knopfarchiv:<\/p>\n\n\n<figure class=\"wp-block-gallery aligncenter columns-2 is-cropped wp-block-gallery-1 is-layout-flex wp-block-gallery-is-layout-flex\"><ul class=\"blocks-gallery-grid\"><li class=\"blocks-gallery-item\"><figure><img loading=\"lazy\" decoding=\"async\" width=\"1024\" height=\"768\" src=\"https:\/\/www.tines-werkstatt.de\/wp-content\/uploads\/2015\/03\/DSCF5241_b_klein-1024x768.jpg\" alt=\"\" data-id=\"1319\" data-full-url=\"https:\/\/www.tines-werkstatt.de\/wp-content\/uploads\/2015\/03\/DSCF5241_b_klein.jpg\" data-link=\"https:\/\/www.tines-werkstatt.de\/?attachment_id=1319\" class=\"wp-image-1319\" srcset=\"https:\/\/www.tines-werkstatt.de\/wp-content\/uploads\/2015\/03\/DSCF5241_b_klein-1024x768.jpg 1024w, https:\/\/www.tines-werkstatt.de\/wp-content\/uploads\/2015\/03\/DSCF5241_b_klein-300x225.jpg 300w, https:\/\/www.tines-werkstatt.de\/wp-content\/uploads\/2015\/03\/DSCF5241_b_klein.jpg 1184w\" sizes=\"(max-width: 1024px) 100vw, 1024px\" \/><\/figure><\/li><li class=\"blocks-gallery-item\"><figure><img loading=\"lazy\" decoding=\"async\" width=\"1024\" height=\"768\" src=\"https:\/\/www.tines-werkstatt.de\/wp-content\/uploads\/2015\/03\/DSCF5242_b_klein-1024x768.jpg\" alt=\"\" data-id=\"1320\" data-full-url=\"https:\/\/www.tines-werkstatt.de\/wp-content\/uploads\/2015\/03\/DSCF5242_b_klein.jpg\" data-link=\"https:\/\/www.tines-werkstatt.de\/?attachment_id=1320\" class=\"wp-image-1320\" srcset=\"https:\/\/www.tines-werkstatt.de\/wp-content\/uploads\/2015\/03\/DSCF5242_b_klein-1024x768.jpg 1024w, https:\/\/www.tines-werkstatt.de\/wp-content\/uploads\/2015\/03\/DSCF5242_b_klein-300x225.jpg 300w, https:\/\/www.tines-werkstatt.de\/wp-content\/uploads\/2015\/03\/DSCF5242_b_klein.jpg 1184w\" sizes=\"(max-width: 1024px) 100vw, 1024px\" \/><\/figure><\/li><\/ul><\/figure>\n\n\n\n<p>Wie in der Anleitung angegeben, habe ich die &#8222;unsch\u00f6nen&#8220; F\u00e4den auf der R\u00fcckseite mit einem St\u00fcck Filz versteckt. Der Werkstatt-Mann hat mittels 14 mm gro\u00dfen Locheisen, die Punkte ausgedreht und ich habe diese dann mit Textilkleber festgeklebt. Sie haben mir auch schon gute Dienste geleistet, denn die n\u00e4chsten Schnitte liegen bereit. Danke Susana von by SusuKo f\u00fcr diese tolle Idee!<\/p>\n\n\n\n<p>Bis bald, Tine ;-)<\/p>\n","protected":false},"excerpt":{"rendered":"<p>Bei Farbenmix gibt es das Kreativ-(Free)-Ebook &#8222;N\u00e4h-Gwichte&#8220; von Susana von by SusuKo. Sie hatte die Idee, mit Unterlegscheiben aus dem Baumarkt Gewichte herzustellen, die sehr hilfreich beim Aufzeichnen und Ausschneiden der Schnittmuster sind. Ich&#46;&#46;&#46;<\/p>\n","protected":false},"author":2,"featured_media":1319,"comment_status":"open","ping_status":"closed","sticky":false,"template":"","format":"standard","meta":{"footnotes":""},"categories":[62,1,3],"tags":[8,31,17],"class_list":["post-1313","post","type-post","status-publish","format-standard","has-post-thumbnail","hentry","category-handmade","category-own","category-werkstattbilder","tag-nahen","tag-praktisches","tag-werkstatt"],"_links":{"self":[{"href":"https:\/\/www.tines-werkstatt.de\/index.php?rest_route=\/wp\/v2\/posts\/1313"}],"collection":[{"href":"https:\/\/www.tines-werkstatt.de\/index.php?rest_route=\/wp\/v2\/posts"}],"about":[{"href":"https:\/\/www.tines-werkstatt.de\/index.php?rest_route=\/wp\/v2\/types\/post"}],"author":[{"embeddable":true,"href":"https:\/\/www.tines-werkstatt.de\/index.php?rest_route=\/wp\/v2\/users\/2"}],"replies":[{"embeddable":true,"href":"https:\/\/www.tines-werkstatt.de\/index.php?rest_route=%2Fwp%2Fv2%2Fcomments&post=1313"}],"version-history":[{"count":6,"href":"https:\/\/www.tines-werkstatt.de\/index.php?rest_route=\/wp\/v2\/posts\/1313\/revisions"}],"predecessor-version":[{"id":1961,"href":"https:\/\/www.tines-werkstatt.de\/index.php?rest_route=\/wp\/v2\/posts\/1313\/revisions\/1961"}],"wp:featuredmedia":[{"embeddable":true,"href":"https:\/\/www.tines-werkstatt.de\/index.php?rest_route=\/wp\/v2\/media\/1319"}],"wp:attachment":[{"href":"https:\/\/www.tines-werkstatt.de\/index.php?rest_route=%2Fwp%2Fv2%2Fmedia&parent=1313"}],"wp:term":[{"taxonomy":"category","embeddable":true,"href":"https:\/\/www.tines-werkstatt.de\/index.php?rest_route=%2Fwp%2Fv2%2Fcategories&post=1313"},{"taxonomy":"post_tag","embeddable":true,"href":"https:\/\/www.tines-werkstatt.de\/index.php?rest_route=%2Fwp%2Fv2%2Ftags&post=1313"}],"curies":[{"name":"wp","href":"https:\/\/api.w.org\/{rel}","templated":true}]}}