{"id":1278,"date":"2015-01-13T22:07:03","date_gmt":"2015-01-13T22:07:03","guid":{"rendered":"http:\/\/www.tines-werkstatt.de\/?p=1278"},"modified":"2020-01-04T21:50:49","modified_gmt":"2020-01-04T21:50:49","slug":"windeltasche-fuer-den-kleinen-mann","status":"publish","type":"post","link":"https:\/\/www.tines-werkstatt.de\/?p=1278","title":{"rendered":"Windeltasche f\u00fcr den kleinen Mann"},"content":{"rendered":"<p>Nach der U-Hefth\u00fclle braucht unser kleiner Mann nat\u00fcrlich auch seine eigene Windeltasche f\u00fcr unterwegs. So schaut sie aus:<\/p>\n\n\n<div class=\"wp-block-image\"><figure class=\"aligncenter size-large is-resized\"><img loading=\"lazy\" decoding=\"async\" src=\"https:\/\/www.tines-werkstatt.de\/wp-content\/uploads\/2015\/01\/DSCF4453_b_klein-1024x768.jpg\" alt=\"\" class=\"wp-image-1279\" width=\"512\" height=\"384\" srcset=\"https:\/\/www.tines-werkstatt.de\/wp-content\/uploads\/2015\/01\/DSCF4453_b_klein-1024x768.jpg 1024w, https:\/\/www.tines-werkstatt.de\/wp-content\/uploads\/2015\/01\/DSCF4453_b_klein-300x225.jpg 300w, https:\/\/www.tines-werkstatt.de\/wp-content\/uploads\/2015\/01\/DSCF4453_b_klein.jpg 1184w\" sizes=\"(max-width: 512px) 100vw, 512px\" \/><\/figure><\/div>\n\n\n\n<p>Das Stickmotiv ist von Kunterbunt-Design aus der Serie &#8222;Boo &amp; Zoo&#8220; (Designvorlage: Susanne Firmenich &#8211; Hamburger Liebe).<\/p>\n\n\n\n<p>Bis bald, Tine ;-)<\/p>\n","protected":false},"excerpt":{"rendered":"<p>Nach der U-Hefth\u00fclle braucht unser kleiner Mann nat\u00fcrlich auch seine eigene Windeltasche f\u00fcr unterwegs. So schaut sie aus: Das Stickmotiv ist von Kunterbunt-Design aus der Serie &#8222;Boo &amp; Zoo&#8220; (Designvorlage: Susanne Firmenich &#8211; Hamburger&#46;&#46;&#46;<\/p>\n","protected":false},"author":2,"featured_media":1279,"comment_status":"open","ping_status":"closed","sticky":false,"template":"","format":"standard","meta":{"footnotes":""},"categories":[62],"tags":[29,66,8,31,39],"class_list":["post-1278","post","type-post","status-publish","format-standard","has-post-thumbnail","hentry","category-handmade","tag-babykram","tag-made4boys","tag-nahen","tag-praktisches","tag-windeltasche"],"_links":{"self":[{"href":"https:\/\/www.tines-werkstatt.de\/index.php?rest_route=\/wp\/v2\/posts\/1278"}],"collection":[{"href":"https:\/\/www.tines-werkstatt.de\/index.php?rest_route=\/wp\/v2\/posts"}],"about":[{"href":"https:\/\/www.tines-werkstatt.de\/index.php?rest_route=\/wp\/v2\/types\/post"}],"author":[{"embeddable":true,"href":"https:\/\/www.tines-werkstatt.de\/index.php?rest_route=\/wp\/v2\/users\/2"}],"replies":[{"embeddable":true,"href":"https:\/\/www.tines-werkstatt.de\/index.php?rest_route=%2Fwp%2Fv2%2Fcomments&post=1278"}],"version-history":[{"count":4,"href":"https:\/\/www.tines-werkstatt.de\/index.php?rest_route=\/wp\/v2\/posts\/1278\/revisions"}],"predecessor-version":[{"id":1932,"href":"https:\/\/www.tines-werkstatt.de\/index.php?rest_route=\/wp\/v2\/posts\/1278\/revisions\/1932"}],"wp:featuredmedia":[{"embeddable":true,"href":"https:\/\/www.tines-werkstatt.de\/index.php?rest_route=\/wp\/v2\/media\/1279"}],"wp:attachment":[{"href":"https:\/\/www.tines-werkstatt.de\/index.php?rest_route=%2Fwp%2Fv2%2Fmedia&parent=1278"}],"wp:term":[{"taxonomy":"category","embeddable":true,"href":"https:\/\/www.tines-werkstatt.de\/index.php?rest_route=%2Fwp%2Fv2%2Fcategories&post=1278"},{"taxonomy":"post_tag","embeddable":true,"href":"https:\/\/www.tines-werkstatt.de\/index.php?rest_route=%2Fwp%2Fv2%2Ftags&post=1278"}],"curies":[{"name":"wp","href":"https:\/\/api.w.org\/{rel}","templated":true}]}}