{"id":1256,"date":"2015-01-11T21:22:22","date_gmt":"2015-01-11T21:22:22","guid":{"rendered":"http:\/\/www.tines-werkstatt.de\/?p=1256"},"modified":"2022-05-18T09:36:19","modified_gmt":"2022-05-18T09:36:19","slug":"der-erste-hoddie","status":"publish","type":"post","link":"https:\/\/www.tines-werkstatt.de\/?p=1256","title":{"rendered":"Der erste Hoodie"},"content":{"rendered":"<p>Wie so viele von Euch habe ich eine scheinbar unendlich lange To-Do-Liste. Auf dieser Liste steht schon seit langem ein Hoddie. Jetzt zu Weihnachten war es dann endlich soweit und mein kleiner Neffe hat das erste Exemplar bekommen:<\/p>\n<p style=\"text-align: center;\"><a href=\"https:\/\/www.tines-werkstatt.de\/wp-content\/uploads\/2015\/01\/IMG_4137_b_klein.jpg\"><img loading=\"lazy\" decoding=\"async\" class=\"aligncenter size-thumbnail wp-image-1261\" alt=\"Hoddie Ottobre 4\/2014\" src=\"https:\/\/www.tines-werkstatt.de\/wp-content\/uploads\/2015\/01\/IMG_4137_b_klein-150x150.jpg\" width=\"150\" height=\"150\" srcset=\"https:\/\/www.tines-werkstatt.de\/wp-content\/uploads\/2015\/01\/IMG_4137_b_klein-150x150.jpg 150w, https:\/\/www.tines-werkstatt.de\/wp-content\/uploads\/2015\/01\/IMG_4137_b_klein-200x200.jpg 200w\" sizes=\"(max-width: 150px) 100vw, 150px\" \/><\/a> <a href=\"https:\/\/www.tines-werkstatt.de\/wp-content\/uploads\/2015\/01\/IMG_4138_b_klein.jpg\"><img loading=\"lazy\" decoding=\"async\" class=\"aligncenter size-thumbnail wp-image-1262\" alt=\"IMG_4138_b_klein\" src=\"https:\/\/www.tines-werkstatt.de\/wp-content\/uploads\/2015\/01\/IMG_4138_b_klein-150x150.jpg\" width=\"150\" height=\"150\" srcset=\"https:\/\/www.tines-werkstatt.de\/wp-content\/uploads\/2015\/01\/IMG_4138_b_klein-150x150.jpg 150w, https:\/\/www.tines-werkstatt.de\/wp-content\/uploads\/2015\/01\/IMG_4138_b_klein-200x200.jpg 200w\" sizes=\"(max-width: 150px) 100vw, 150px\" \/><\/a> <a href=\"https:\/\/www.tines-werkstatt.de\/wp-content\/uploads\/2015\/01\/IMG_4139_b_klein.jpg\"><img loading=\"lazy\" decoding=\"async\" class=\"aligncenter size-thumbnail wp-image-1263\" alt=\"IMG_4139_b_klein\" src=\"https:\/\/www.tines-werkstatt.de\/wp-content\/uploads\/2015\/01\/IMG_4139_b_klein-150x150.jpg\" width=\"150\" height=\"150\" srcset=\"https:\/\/www.tines-werkstatt.de\/wp-content\/uploads\/2015\/01\/IMG_4139_b_klein-150x150.jpg 150w, https:\/\/www.tines-werkstatt.de\/wp-content\/uploads\/2015\/01\/IMG_4139_b_klein-200x200.jpg 200w\" sizes=\"(max-width: 150px) 100vw, 150px\" \/><\/a> <a href=\"https:\/\/www.tines-werkstatt.de\/wp-content\/uploads\/2015\/01\/IMG_4140_b_klein.jpg\"><img loading=\"lazy\" decoding=\"async\" class=\"aligncenter size-thumbnail wp-image-1264\" alt=\"IMG_4140_b_klein\" src=\"https:\/\/www.tines-werkstatt.de\/wp-content\/uploads\/2015\/01\/IMG_4140_b_klein-150x150.jpg\" width=\"150\" height=\"150\" srcset=\"https:\/\/www.tines-werkstatt.de\/wp-content\/uploads\/2015\/01\/IMG_4140_b_klein-150x150.jpg 150w, https:\/\/www.tines-werkstatt.de\/wp-content\/uploads\/2015\/01\/IMG_4140_b_klein-200x200.jpg 200w\" sizes=\"(max-width: 150px) 100vw, 150px\" \/><\/a><\/p>\n<p>Der Schnitt stammt aus der Ottobre 4\/2014 (Nr. 29). Ich habe lediglich die Kapuze gef\u00fcttert und habe auf Wunsch meiner Schwester unten ein schmales B\u00fcndchen angebracht. Wie ihr auf dem letzten Bild erkennen k\u00f6nnt, habe ich mich endlich um Etiketten gek\u00fcmmert, damit ich auch die gen\u00e4hte Gr\u00f6\u00dfe festhalten kann.<\/p>\n<p>Nat\u00fcrlich wird das n\u00e4chste Exemplar f\u00fcr mein T\u00f6chterchen sein. Der Stoff liegt schon bereit und diesmal ist ja auch das Schnittmuster schon in der passenden Gr\u00f6\u00dfe vorhanden. Ich werde Euch hoffentlich bald die M\u00e4dchenversion pr\u00e4sentieren k\u00f6nnen.<\/p>\n<p>Mit diesem Beitrag bin ich \u00fcbrigens zum ersten Mal bei <a title=\"Made4BOYS - Januar 2015\" href=\"http:\/\/made4boys.blogspot.de\/2015\/01\/made4boys-januar-2015.html\" target=\"_blank\" rel=\"noopener\">Made4BOYS<\/a> dabei.<\/p>\n<p>Bis bald, Tine ;-)<\/p>\n","protected":false},"excerpt":{"rendered":"<p>Wie so viele von Euch habe ich eine scheinbar unendlich lange To-Do-Liste. Auf dieser Liste steht schon seit langem ein Hoddie. Jetzt zu Weihnachten war es dann endlich soweit und mein kleiner Neffe hat&#46;&#46;&#46;<\/p>\n","protected":false},"author":2,"featured_media":1261,"comment_status":"open","ping_status":"closed","sticky":false,"template":"","format":"standard","meta":{"footnotes":""},"categories":[62],"tags":[75,41,48,66,8],"class_list":["post-1256","post","type-post","status-publish","format-standard","has-post-thumbnail","hentry","category-handmade","tag-hoodie","tag-kinderkram","tag-kleidung","tag-made4boys","tag-nahen"],"_links":{"self":[{"href":"https:\/\/www.tines-werkstatt.de\/index.php?rest_route=\/wp\/v2\/posts\/1256"}],"collection":[{"href":"https:\/\/www.tines-werkstatt.de\/index.php?rest_route=\/wp\/v2\/posts"}],"about":[{"href":"https:\/\/www.tines-werkstatt.de\/index.php?rest_route=\/wp\/v2\/types\/post"}],"author":[{"embeddable":true,"href":"https:\/\/www.tines-werkstatt.de\/index.php?rest_route=\/wp\/v2\/users\/2"}],"replies":[{"embeddable":true,"href":"https:\/\/www.tines-werkstatt.de\/index.php?rest_route=%2Fwp%2Fv2%2Fcomments&post=1256"}],"version-history":[{"count":6,"href":"https:\/\/www.tines-werkstatt.de\/index.php?rest_route=\/wp\/v2\/posts\/1256\/revisions"}],"predecessor-version":[{"id":2233,"href":"https:\/\/www.tines-werkstatt.de\/index.php?rest_route=\/wp\/v2\/posts\/1256\/revisions\/2233"}],"wp:featuredmedia":[{"embeddable":true,"href":"https:\/\/www.tines-werkstatt.de\/index.php?rest_route=\/wp\/v2\/media\/1261"}],"wp:attachment":[{"href":"https:\/\/www.tines-werkstatt.de\/index.php?rest_route=%2Fwp%2Fv2%2Fmedia&parent=1256"}],"wp:term":[{"taxonomy":"category","embeddable":true,"href":"https:\/\/www.tines-werkstatt.de\/index.php?rest_route=%2Fwp%2Fv2%2Fcategories&post=1256"},{"taxonomy":"post_tag","embeddable":true,"href":"https:\/\/www.tines-werkstatt.de\/index.php?rest_route=%2Fwp%2Fv2%2Ftags&post=1256"}],"curies":[{"name":"wp","href":"https:\/\/api.w.org\/{rel}","templated":true}]}}