{"id":1224,"date":"2015-01-11T20:39:09","date_gmt":"2015-01-11T20:39:09","guid":{"rendered":"http:\/\/www.tines-werkstatt.de\/?p=1224"},"modified":"2020-01-04T21:33:49","modified_gmt":"2020-01-04T21:33:49","slug":"stylische-spucktuecher","status":"publish","type":"post","link":"https:\/\/www.tines-werkstatt.de\/?p=1224","title":{"rendered":"stylische Spuckt\u00fccher"},"content":{"rendered":"<p>Beim Herumsurfen auf den verschiedensten Blogseiten waren mir immer wieder die sch\u00f6nen Spuckt\u00fccher untergekommen. So habe ich mir das Schnittmuster bei Farbenmix heruntergeladen und die passenden Stoffe ausgesucht. Herausgekommen sind diese 4 Versionen:<\/p>\n\n\n<figure class=\"wp-block-gallery aligncenter columns-2 is-cropped wp-block-gallery-1 is-layout-flex wp-block-gallery-is-layout-flex\"><ul class=\"blocks-gallery-grid\"><li class=\"blocks-gallery-item\"><figure><img loading=\"lazy\" decoding=\"async\" width=\"943\" height=\"1024\" src=\"https:\/\/www.tines-werkstatt.de\/wp-content\/uploads\/2015\/01\/DSCF4401_b_klein-943x1024.jpg\" alt=\"\" data-id=\"1225\" data-full-url=\"https:\/\/www.tines-werkstatt.de\/wp-content\/uploads\/2015\/01\/DSCF4401_b_klein.jpg\" data-link=\"https:\/\/www.tines-werkstatt.de\/?attachment_id=1225\" class=\"wp-image-1225\" srcset=\"https:\/\/www.tines-werkstatt.de\/wp-content\/uploads\/2015\/01\/DSCF4401_b_klein-943x1024.jpg 943w, https:\/\/www.tines-werkstatt.de\/wp-content\/uploads\/2015\/01\/DSCF4401_b_klein-276x300.jpg 276w\" sizes=\"(max-width: 943px) 100vw, 943px\" \/><\/figure><\/li><li class=\"blocks-gallery-item\"><figure><img loading=\"lazy\" decoding=\"async\" width=\"1024\" height=\"768\" src=\"https:\/\/www.tines-werkstatt.de\/wp-content\/uploads\/2015\/01\/DSCF4402_b_klein-1024x768.jpg\" alt=\"\" data-id=\"1226\" data-full-url=\"https:\/\/www.tines-werkstatt.de\/wp-content\/uploads\/2015\/01\/DSCF4402_b_klein.jpg\" data-link=\"https:\/\/www.tines-werkstatt.de\/?attachment_id=1226\" class=\"wp-image-1226\" srcset=\"https:\/\/www.tines-werkstatt.de\/wp-content\/uploads\/2015\/01\/DSCF4402_b_klein-1024x768.jpg 1024w, https:\/\/www.tines-werkstatt.de\/wp-content\/uploads\/2015\/01\/DSCF4402_b_klein-300x225.jpg 300w\" sizes=\"(max-width: 1024px) 100vw, 1024px\" \/><\/figure><\/li><\/ul><\/figure>\n\n\n\n<p>Die R\u00fcckseite besteht bei mir aus Moltontuch (habe ich mal bei einem Discounter in der Schn\u00e4ppchenecke erstanden). Die beiden Applikationen habe ich von Kinderstoffen des schwedischen M\u00f6belriesen ausgeschnitten, hell unterf\u00fcttert und dann appliziert. Die graue Sternchen-Version habe ich passend zum Kindersitz gen\u00e4ht und klemmt dort immer griffbereit. T\u00f6chterchen findet die T\u00fccher f\u00fcr ihre Mara-Puppi auch sehr praktisch &#8211; da muss ich schon aufpassen, dass die T\u00fccher nicht in der Spielkiste verschwinden ;-)<\/p>\n\n\n\n<p>Das neue Kreativjahr ist hiermit er\u00f6ffnet. Auch wenn die ersten Eintr\u00e4ge noch von N\u00e4hergebnissen aus 2014 berichten. Immerhin habe ich schon wieder einige Schnitte vorbereitet und muss jetzt &#8222;nur noch&#8220; zum N\u00e4hen kommen.<\/p>\n\n\n\n<p>Bis bald, Tine ;-)<\/p>\n","protected":false},"excerpt":{"rendered":"<p>Beim Herumsurfen auf den verschiedensten Blogseiten waren mir immer wieder die sch\u00f6nen Spuckt\u00fccher untergekommen. So habe ich mir das Schnittmuster bei Farbenmix heruntergeladen und die passenden Stoffe ausgesucht. Herausgekommen sind diese 4 Versionen: Die&#46;&#46;&#46;<\/p>\n","protected":false},"author":2,"featured_media":1225,"comment_status":"open","ping_status":"closed","sticky":false,"template":"","format":"standard","meta":{"footnotes":""},"categories":[62],"tags":[29,8,31],"class_list":["post-1224","post","type-post","status-publish","format-standard","has-post-thumbnail","hentry","category-handmade","tag-babykram","tag-nahen","tag-praktisches"],"_links":{"self":[{"href":"https:\/\/www.tines-werkstatt.de\/index.php?rest_route=\/wp\/v2\/posts\/1224"}],"collection":[{"href":"https:\/\/www.tines-werkstatt.de\/index.php?rest_route=\/wp\/v2\/posts"}],"about":[{"href":"https:\/\/www.tines-werkstatt.de\/index.php?rest_route=\/wp\/v2\/types\/post"}],"author":[{"embeddable":true,"href":"https:\/\/www.tines-werkstatt.de\/index.php?rest_route=\/wp\/v2\/users\/2"}],"replies":[{"embeddable":true,"href":"https:\/\/www.tines-werkstatt.de\/index.php?rest_route=%2Fwp%2Fv2%2Fcomments&post=1224"}],"version-history":[{"count":4,"href":"https:\/\/www.tines-werkstatt.de\/index.php?rest_route=\/wp\/v2\/posts\/1224\/revisions"}],"predecessor-version":[{"id":1940,"href":"https:\/\/www.tines-werkstatt.de\/index.php?rest_route=\/wp\/v2\/posts\/1224\/revisions\/1940"}],"wp:featuredmedia":[{"embeddable":true,"href":"https:\/\/www.tines-werkstatt.de\/index.php?rest_route=\/wp\/v2\/media\/1225"}],"wp:attachment":[{"href":"https:\/\/www.tines-werkstatt.de\/index.php?rest_route=%2Fwp%2Fv2%2Fmedia&parent=1224"}],"wp:term":[{"taxonomy":"category","embeddable":true,"href":"https:\/\/www.tines-werkstatt.de\/index.php?rest_route=%2Fwp%2Fv2%2Fcategories&post=1224"},{"taxonomy":"post_tag","embeddable":true,"href":"https:\/\/www.tines-werkstatt.de\/index.php?rest_route=%2Fwp%2Fv2%2Ftags&post=1224"}],"curies":[{"name":"wp","href":"https:\/\/api.w.org\/{rel}","templated":true}]}}