{"id":1194,"date":"2014-10-30T13:49:14","date_gmt":"2014-10-30T13:49:14","guid":{"rendered":"http:\/\/www.tines-werkstatt.de\/?p=1194"},"modified":"2020-07-08T18:47:18","modified_gmt":"2020-07-08T18:47:18","slug":"schulanfangsgeschenk","status":"publish","type":"post","link":"https:\/\/www.tines-werkstatt.de\/?p=1194","title":{"rendered":"Schulanfangsgeschenk"},"content":{"rendered":"<p>Seit Anfang September sind hier in Th\u00fcringen auch die neuen ABC-Sch\u00fctzen unterwegs. F\u00fcr ein weiteres Buskind gab es zur Schuleinf\u00fchrung nat\u00fcrlich wieder einen Brustbeutel. Diesmal in lila:<\/p>\n\n\n<figure class=\"wp-block-gallery columns-3 is-cropped wp-block-gallery-1 is-layout-flex wp-block-gallery-is-layout-flex\"><ul class=\"blocks-gallery-grid\"><li class=\"blocks-gallery-item\"><figure><img loading=\"lazy\" decoding=\"async\" width=\"984\" height=\"656\" src=\"https:\/\/www.tines-werkstatt.de\/wp-content\/uploads\/2014\/10\/IMG_2960_klein.jpg\" alt=\"\" data-id=\"1195\" data-full-url=\"https:\/\/www.tines-werkstatt.de\/wp-content\/uploads\/2014\/10\/IMG_2960_klein.jpg\" data-link=\"https:\/\/www.tines-werkstatt.de\/?attachment_id=1195\" class=\"wp-image-1195\" srcset=\"https:\/\/www.tines-werkstatt.de\/wp-content\/uploads\/2014\/10\/IMG_2960_klein.jpg 984w, https:\/\/www.tines-werkstatt.de\/wp-content\/uploads\/2014\/10\/IMG_2960_klein-300x200.jpg 300w\" sizes=\"(max-width: 984px) 100vw, 984px\" \/><\/figure><\/li><li class=\"blocks-gallery-item\"><figure><img loading=\"lazy\" decoding=\"async\" width=\"984\" height=\"656\" src=\"https:\/\/www.tines-werkstatt.de\/wp-content\/uploads\/2014\/10\/IMG_2961_klein.jpg\" alt=\"\" data-id=\"1196\" data-full-url=\"https:\/\/www.tines-werkstatt.de\/wp-content\/uploads\/2014\/10\/IMG_2961_klein.jpg\" data-link=\"https:\/\/www.tines-werkstatt.de\/?attachment_id=1196\" class=\"wp-image-1196\" srcset=\"https:\/\/www.tines-werkstatt.de\/wp-content\/uploads\/2014\/10\/IMG_2961_klein.jpg 984w, https:\/\/www.tines-werkstatt.de\/wp-content\/uploads\/2014\/10\/IMG_2961_klein-300x200.jpg 300w\" sizes=\"(max-width: 984px) 100vw, 984px\" \/><\/figure><\/li><li class=\"blocks-gallery-item\"><figure><img loading=\"lazy\" decoding=\"async\" width=\"984\" height=\"656\" src=\"https:\/\/www.tines-werkstatt.de\/wp-content\/uploads\/2014\/10\/IMG_2962_klein.jpg\" alt=\"\" data-id=\"1197\" data-full-url=\"https:\/\/www.tines-werkstatt.de\/wp-content\/uploads\/2014\/10\/IMG_2962_klein.jpg\" data-link=\"https:\/\/www.tines-werkstatt.de\/?attachment_id=1197\" class=\"wp-image-1197\" srcset=\"https:\/\/www.tines-werkstatt.de\/wp-content\/uploads\/2014\/10\/IMG_2962_klein.jpg 984w, https:\/\/www.tines-werkstatt.de\/wp-content\/uploads\/2014\/10\/IMG_2962_klein-300x200.jpg 300w\" sizes=\"(max-width: 984px) 100vw, 984px\" \/><\/figure><\/li><\/ul><\/figure>\n\n\n\n<p> Bis bald, Tine ;-) <\/p>\n","protected":false},"excerpt":{"rendered":"<p>Seit Anfang September sind hier in Th\u00fcringen auch die neuen ABC-Sch\u00fctzen unterwegs. F\u00fcr ein weiteres Buskind gab es zur Schuleinf\u00fchrung nat\u00fcrlich wieder einen Brustbeutel. Diesmal in lila: Bis bald, Tine ;-)<\/p>\n","protected":false},"author":2,"featured_media":1195,"comment_status":"open","ping_status":"closed","sticky":false,"template":"","format":"standard","meta":{"footnotes":""},"categories":[62],"tags":[11,15,8,31,43],"class_list":["post-1194","post","type-post","status-publish","format-standard","has-post-thumbnail","hentry","category-handmade","tag-geldborse","tag-geschenke","tag-nahen","tag-praktisches","tag-sticken"],"_links":{"self":[{"href":"https:\/\/www.tines-werkstatt.de\/index.php?rest_route=\/wp\/v2\/posts\/1194"}],"collection":[{"href":"https:\/\/www.tines-werkstatt.de\/index.php?rest_route=\/wp\/v2\/posts"}],"about":[{"href":"https:\/\/www.tines-werkstatt.de\/index.php?rest_route=\/wp\/v2\/types\/post"}],"author":[{"embeddable":true,"href":"https:\/\/www.tines-werkstatt.de\/index.php?rest_route=\/wp\/v2\/users\/2"}],"replies":[{"embeddable":true,"href":"https:\/\/www.tines-werkstatt.de\/index.php?rest_route=%2Fwp%2Fv2%2Fcomments&post=1194"}],"version-history":[{"count":3,"href":"https:\/\/www.tines-werkstatt.de\/index.php?rest_route=\/wp\/v2\/posts\/1194\/revisions"}],"predecessor-version":[{"id":2008,"href":"https:\/\/www.tines-werkstatt.de\/index.php?rest_route=\/wp\/v2\/posts\/1194\/revisions\/2008"}],"wp:featuredmedia":[{"embeddable":true,"href":"https:\/\/www.tines-werkstatt.de\/index.php?rest_route=\/wp\/v2\/media\/1195"}],"wp:attachment":[{"href":"https:\/\/www.tines-werkstatt.de\/index.php?rest_route=%2Fwp%2Fv2%2Fmedia&parent=1194"}],"wp:term":[{"taxonomy":"category","embeddable":true,"href":"https:\/\/www.tines-werkstatt.de\/index.php?rest_route=%2Fwp%2Fv2%2Fcategories&post=1194"},{"taxonomy":"post_tag","embeddable":true,"href":"https:\/\/www.tines-werkstatt.de\/index.php?rest_route=%2Fwp%2Fv2%2Ftags&post=1194"}],"curies":[{"name":"wp","href":"https:\/\/api.w.org\/{rel}","templated":true}]}}