{"id":1187,"date":"2014-10-30T13:38:42","date_gmt":"2014-10-30T13:38:42","guid":{"rendered":"http:\/\/www.tines-werkstatt.de\/?p=1187"},"modified":"2020-06-05T19:56:29","modified_gmt":"2020-06-05T19:56:29","slug":"mal-wieder-was-neues","status":"publish","type":"post","link":"https:\/\/www.tines-werkstatt.de\/?p=1187","title":{"rendered":"Mal wieder was Neues&#8230;"},"content":{"rendered":"\n<div class=\"wp-block-group\"><div class=\"wp-block-group__inner-container is-layout-flow wp-block-group-is-layout-flow\">\n<p>Ich bin selbst ganz erstaunt, dass mein letzter Blog-Eintrag fast auf den Tag genau 3 Monate her ist. Wie die Zeit vergeht *kopfsch\u00fcttel*. Unt\u00e4tig bin ich nat\u00fcrlich nicht, allerdings wird auch nicht alles, was ich mir in meiner &#8222;freien Zeit so vorgenommen habe :-) Daher zeige ich Euch heute mal ein paar Dinge, die in den letzten Woche von der Maschine gesprungen sind.<\/p>\n<p>Den Auftakt macht eine Tasche f\u00fcr unsere liebe Hebamme Elisa. Nachdem sie uns die ersten 3 Monate mit unserem kleinen Mann einfach wunderbar begleitet hat, wollten wir uns bei ihr mit einer Kleinigkeit bedanken. Entstanden ist daher diese Tasche:<\/p>\n<\/div><\/div>\n\n\n\n<figure class=\"wp-block-gallery columns-3 is-cropped wp-block-gallery-1 is-layout-flex wp-block-gallery-is-layout-flex\"><ul class=\"blocks-gallery-grid\"><li class=\"blocks-gallery-item\"><figure><img loading=\"lazy\" decoding=\"async\" width=\"1000\" height=\"750\" src=\"https:\/\/www.tines-werkstatt.de\/wp-content\/uploads\/2014\/10\/DSCF3640_klein-1.jpg\" alt=\"\" data-id=\"2102\" data-full-url=\"https:\/\/www.tines-werkstatt.de\/wp-content\/uploads\/2014\/10\/DSCF3640_klein-1.jpg\" data-link=\"https:\/\/www.tines-werkstatt.de\/?attachment_id=2102\" class=\"wp-image-2102\" srcset=\"https:\/\/www.tines-werkstatt.de\/wp-content\/uploads\/2014\/10\/DSCF3640_klein-1.jpg 1000w, https:\/\/www.tines-werkstatt.de\/wp-content\/uploads\/2014\/10\/DSCF3640_klein-1-300x225.jpg 300w, https:\/\/www.tines-werkstatt.de\/wp-content\/uploads\/2014\/10\/DSCF3640_klein-1-768x576.jpg 768w\" sizes=\"(max-width: 1000px) 100vw, 1000px\" \/><\/figure><\/li><li class=\"blocks-gallery-item\"><figure><img loading=\"lazy\" decoding=\"async\" width=\"1000\" height=\"750\" src=\"https:\/\/www.tines-werkstatt.de\/wp-content\/uploads\/2014\/10\/DSCF3642_klein-1.jpg\" alt=\"\" data-id=\"2103\" data-full-url=\"https:\/\/www.tines-werkstatt.de\/wp-content\/uploads\/2014\/10\/DSCF3642_klein-1.jpg\" data-link=\"https:\/\/www.tines-werkstatt.de\/?attachment_id=2103\" class=\"wp-image-2103\" srcset=\"https:\/\/www.tines-werkstatt.de\/wp-content\/uploads\/2014\/10\/DSCF3642_klein-1.jpg 1000w, https:\/\/www.tines-werkstatt.de\/wp-content\/uploads\/2014\/10\/DSCF3642_klein-1-300x225.jpg 300w, https:\/\/www.tines-werkstatt.de\/wp-content\/uploads\/2014\/10\/DSCF3642_klein-1-768x576.jpg 768w\" sizes=\"(max-width: 1000px) 100vw, 1000px\" \/><\/figure><\/li><li class=\"blocks-gallery-item\"><figure><img loading=\"lazy\" decoding=\"async\" width=\"1000\" height=\"750\" src=\"https:\/\/www.tines-werkstatt.de\/wp-content\/uploads\/2014\/10\/DSCF3643_klein-1.jpg\" alt=\"\" data-id=\"2104\" data-full-url=\"https:\/\/www.tines-werkstatt.de\/wp-content\/uploads\/2014\/10\/DSCF3643_klein-1.jpg\" data-link=\"https:\/\/www.tines-werkstatt.de\/?attachment_id=2104\" class=\"wp-image-2104\" srcset=\"https:\/\/www.tines-werkstatt.de\/wp-content\/uploads\/2014\/10\/DSCF3643_klein-1.jpg 1000w, https:\/\/www.tines-werkstatt.de\/wp-content\/uploads\/2014\/10\/DSCF3643_klein-1-300x225.jpg 300w, https:\/\/www.tines-werkstatt.de\/wp-content\/uploads\/2014\/10\/DSCF3643_klein-1-768x576.jpg 768w\" sizes=\"(max-width: 1000px) 100vw, 1000px\" \/><\/figure><\/li><\/ul><\/figure>\n\n\n\n<p>Das Schnittmuster stammt von lillesol &amp; pelle und hei\u00dft &#8222;Kultur\/ KamSnap-Tasche Kamille&#8220;. Die Tasche ist bei der neuen Besitzerin super angekommen und wir hoffen, dass sie sich auch im Einsatz bislang gut bew\u00e4hrt hat. Das Ebook ist gut verst\u00e4ndlich und eine solche Tasche f\u00fcr mich ist auf meiner pers\u00f6nlichen Wunschliste gelandet.<\/p>\n\n\n\n<p>Bis bald, Tine ;-)<\/p>\n","protected":false},"excerpt":{"rendered":"<p>Ich bin selbst ganz erstaunt, dass mein letzter Blog-Eintrag fast auf den Tag genau 3 Monate her ist. Wie die Zeit vergeht *kopfsch\u00fcttel*. Unt\u00e4tig bin ich nat\u00fcrlich nicht, allerdings wird auch nicht alles, was&#46;&#46;&#46;<\/p>\n","protected":false},"author":2,"featured_media":2102,"comment_status":"open","ping_status":"closed","sticky":false,"template":"","format":"standard","meta":{"footnotes":""},"categories":[62],"tags":[15,8,31,10],"class_list":["post-1187","post","type-post","status-publish","format-standard","has-post-thumbnail","hentry","category-handmade","tag-geschenke","tag-nahen","tag-praktisches","tag-tasche"],"_links":{"self":[{"href":"https:\/\/www.tines-werkstatt.de\/index.php?rest_route=\/wp\/v2\/posts\/1187"}],"collection":[{"href":"https:\/\/www.tines-werkstatt.de\/index.php?rest_route=\/wp\/v2\/posts"}],"about":[{"href":"https:\/\/www.tines-werkstatt.de\/index.php?rest_route=\/wp\/v2\/types\/post"}],"author":[{"embeddable":true,"href":"https:\/\/www.tines-werkstatt.de\/index.php?rest_route=\/wp\/v2\/users\/2"}],"replies":[{"embeddable":true,"href":"https:\/\/www.tines-werkstatt.de\/index.php?rest_route=%2Fwp%2Fv2%2Fcomments&post=1187"}],"version-history":[{"count":4,"href":"https:\/\/www.tines-werkstatt.de\/index.php?rest_route=\/wp\/v2\/posts\/1187\/revisions"}],"predecessor-version":[{"id":2105,"href":"https:\/\/www.tines-werkstatt.de\/index.php?rest_route=\/wp\/v2\/posts\/1187\/revisions\/2105"}],"wp:featuredmedia":[{"embeddable":true,"href":"https:\/\/www.tines-werkstatt.de\/index.php?rest_route=\/wp\/v2\/media\/2102"}],"wp:attachment":[{"href":"https:\/\/www.tines-werkstatt.de\/index.php?rest_route=%2Fwp%2Fv2%2Fmedia&parent=1187"}],"wp:term":[{"taxonomy":"category","embeddable":true,"href":"https:\/\/www.tines-werkstatt.de\/index.php?rest_route=%2Fwp%2Fv2%2Fcategories&post=1187"},{"taxonomy":"post_tag","embeddable":true,"href":"https:\/\/www.tines-werkstatt.de\/index.php?rest_route=%2Fwp%2Fv2%2Ftags&post=1187"}],"curies":[{"name":"wp","href":"https:\/\/api.w.org\/{rel}","templated":true}]}}