{"id":1180,"date":"2014-07-29T21:02:11","date_gmt":"2014-07-29T21:02:11","guid":{"rendered":"http:\/\/www.tines-werkstatt.de\/?p=1180"},"modified":"2020-01-04T21:32:34","modified_gmt":"2020-01-04T21:32:34","slug":"schlafsack-fuer-den-kleinen-mann","status":"publish","type":"post","link":"https:\/\/www.tines-werkstatt.de\/?p=1180","title":{"rendered":"Schlafsack f\u00fcr den kleinen Mann"},"content":{"rendered":"<p>Leider finde ich zur Zeit nur wenig Zeit, mich meinem Hobby zu widmen. Unser kleiner Frischling ben\u00f6tigt meine vollste Aufmerksamkeit ;-) (&#8230;darf er ja auch&#8230;) Aber f\u00fcr den Urlaub an der Ostsee brauchte ich unbedingt noch einen d\u00fcnneren Schlafsack f\u00fcr ihn. Damit es schnell geht und ich an der neuen Coverlock ein weiteres Erfolgserlebnis habe, ist dieser Strampel- bzw. Schlafsack entstanden:<\/p>\n\n\n<figure class=\"wp-block-gallery columns-2 is-cropped wp-block-gallery-1 is-layout-flex wp-block-gallery-is-layout-flex\"><ul class=\"blocks-gallery-grid\"><li class=\"blocks-gallery-item\"><figure><img loading=\"lazy\" decoding=\"async\" width=\"738\" height=\"983\" src=\"https:\/\/www.tines-werkstatt.de\/wp-content\/uploads\/2014\/07\/DSCF3645_klein-e1406667830900.jpg\" alt=\"\" data-id=\"1181\" data-full-url=\"https:\/\/www.tines-werkstatt.de\/wp-content\/uploads\/2014\/07\/DSCF3645_klein-e1406667830900.jpg\" data-link=\"https:\/\/www.tines-werkstatt.de\/?attachment_id=1181\" class=\"wp-image-1181\" srcset=\"https:\/\/www.tines-werkstatt.de\/wp-content\/uploads\/2014\/07\/DSCF3645_klein-e1406667830900.jpg 738w, https:\/\/www.tines-werkstatt.de\/wp-content\/uploads\/2014\/07\/DSCF3645_klein-e1406667830900-225x300.jpg 225w\" sizes=\"(max-width: 738px) 100vw, 738px\" \/><\/figure><\/li><li class=\"blocks-gallery-item\"><figure><img loading=\"lazy\" decoding=\"async\" width=\"984\" height=\"738\" src=\"https:\/\/www.tines-werkstatt.de\/wp-content\/uploads\/2014\/07\/DSCF3647_klein.jpg\" alt=\"\" data-id=\"1182\" data-full-url=\"https:\/\/www.tines-werkstatt.de\/wp-content\/uploads\/2014\/07\/DSCF3647_klein.jpg\" data-link=\"https:\/\/www.tines-werkstatt.de\/?attachment_id=1182\" class=\"wp-image-1182\" srcset=\"https:\/\/www.tines-werkstatt.de\/wp-content\/uploads\/2014\/07\/DSCF3647_klein.jpg 984w, https:\/\/www.tines-werkstatt.de\/wp-content\/uploads\/2014\/07\/DSCF3647_klein-300x225.jpg 300w\" sizes=\"(max-width: 984px) 100vw, 984px\" \/><\/figure><\/li><\/ul><\/figure>\n\n\n\n<p>Den Au\u00dfenstoff habe ich schon l\u00e4nger liegen und f\u00fcr Innen habe ich ein T-Shirt recycelt. Dazu noch ein Streifen wei\u00dfer B\u00fcndchenware und schon ging es los. Das das Werk tats\u00e4chlich bis zur Abfahrt fertig war, hat mich mit der neuen Maschine wieder etwas vers\u00f6nlich gestimmt. Zwischendurch wollte ich schon die Verkaufsanzeige schalten&#8230;das Einstellen der korrekten Fadenspannung hat meine Nerven sehr strapaziert. Aber nun ist es vollbracht und ich bin gaaaanz stolz auf meine Maschine ;-)<\/p>\n\n\n\n<p>Bis bald, Tine ;-)<\/p>\n","protected":false},"excerpt":{"rendered":"<p>Leider finde ich zur Zeit nur wenig Zeit, mich meinem Hobby zu widmen. Unser kleiner Frischling ben\u00f6tigt meine vollste Aufmerksamkeit ;-) (&#8230;darf er ja auch&#8230;) Aber f\u00fcr den Urlaub an der Ostsee brauchte ich&#46;&#46;&#46;<\/p>\n","protected":false},"author":2,"featured_media":1181,"comment_status":"open","ping_status":"closed","sticky":false,"template":"","format":"standard","meta":{"footnotes":""},"categories":[62],"tags":[29,8,67],"class_list":["post-1180","post","type-post","status-publish","format-standard","has-post-thumbnail","hentry","category-handmade","tag-babykram","tag-nahen","tag-overlock"],"_links":{"self":[{"href":"https:\/\/www.tines-werkstatt.de\/index.php?rest_route=\/wp\/v2\/posts\/1180"}],"collection":[{"href":"https:\/\/www.tines-werkstatt.de\/index.php?rest_route=\/wp\/v2\/posts"}],"about":[{"href":"https:\/\/www.tines-werkstatt.de\/index.php?rest_route=\/wp\/v2\/types\/post"}],"author":[{"embeddable":true,"href":"https:\/\/www.tines-werkstatt.de\/index.php?rest_route=\/wp\/v2\/users\/2"}],"replies":[{"embeddable":true,"href":"https:\/\/www.tines-werkstatt.de\/index.php?rest_route=%2Fwp%2Fv2%2Fcomments&post=1180"}],"version-history":[{"count":6,"href":"https:\/\/www.tines-werkstatt.de\/index.php?rest_route=\/wp\/v2\/posts\/1180\/revisions"}],"predecessor-version":[{"id":1938,"href":"https:\/\/www.tines-werkstatt.de\/index.php?rest_route=\/wp\/v2\/posts\/1180\/revisions\/1938"}],"wp:featuredmedia":[{"embeddable":true,"href":"https:\/\/www.tines-werkstatt.de\/index.php?rest_route=\/wp\/v2\/media\/1181"}],"wp:attachment":[{"href":"https:\/\/www.tines-werkstatt.de\/index.php?rest_route=%2Fwp%2Fv2%2Fmedia&parent=1180"}],"wp:term":[{"taxonomy":"category","embeddable":true,"href":"https:\/\/www.tines-werkstatt.de\/index.php?rest_route=%2Fwp%2Fv2%2Fcategories&post=1180"},{"taxonomy":"post_tag","embeddable":true,"href":"https:\/\/www.tines-werkstatt.de\/index.php?rest_route=%2Fwp%2Fv2%2Ftags&post=1180"}],"curies":[{"name":"wp","href":"https:\/\/api.w.org\/{rel}","templated":true}]}}