{"id":1096,"date":"2013-12-26T16:12:30","date_gmt":"2013-12-26T16:12:30","guid":{"rendered":"http:\/\/www.tines-werkstatt.de\/?p=1096"},"modified":"2019-01-07T18:08:17","modified_gmt":"2019-01-07T18:08:17","slug":"i-spy","status":"publish","type":"post","link":"https:\/\/www.tines-werkstatt.de\/?p=1096","title":{"rendered":"I spy.."},"content":{"rendered":"<p>Schon l\u00e4nger stehen auf meiner to-do-Liste der Werkstatt sog. I-spy-bags. Gesehen habe ich diese das erste Mal bei Kerstin von <a title=\"Externer Link zu Blog mitnadelundfaden\" href=\"http:\/\/mitnadelundfaden.blogspot.de\/\">&#8222;Mit Nadel und Faden&#8220;<\/a> in Form eines Wals. Da unser T\u00f6chterchen und ihr Cousin zur Zeit sehr auf Autos stehen, habe ich ein bisschen im Netz gest\u00f6bert und eine Vorlage in Form eines Autos gefunden. Den Inhalt hatte ich schon seit l\u00e4ngerer Zeit im Schrank &#8211; so musste ich das Ganze also &#8222;nur noch&#8220; zusammenbringen. Zwei Abend hat es gedauert und schon waren die I-spy-Cars fertig:<\/p>\n<p style=\"text-align: center;\"><a href=\"https:\/\/www.tines-werkstatt.de\/wp-content\/uploads\/2013\/12\/DSCF2722.jpg\"><img loading=\"lazy\" decoding=\"async\" width=\"150\" height=\"150\" class=\"aligncenter size-thumbnail wp-image-1097\" alt=\"DSCF2722\" src=\"https:\/\/www.tines-werkstatt.de\/wp-content\/uploads\/2013\/12\/DSCF2722-150x150.jpg\" srcset=\"https:\/\/www.tines-werkstatt.de\/wp-content\/uploads\/2013\/12\/DSCF2722-150x150.jpg 150w, https:\/\/www.tines-werkstatt.de\/wp-content\/uploads\/2013\/12\/DSCF2722-200x200.jpg 200w\" sizes=\"(max-width: 150px) 100vw, 150px\" \/><\/a> <a href=\"https:\/\/www.tines-werkstatt.de\/wp-content\/uploads\/2013\/12\/DSCF2723.jpg\"><img loading=\"lazy\" decoding=\"async\" width=\"150\" height=\"150\" class=\"aligncenter size-thumbnail wp-image-1098\" alt=\"DSCF2723\" src=\"https:\/\/www.tines-werkstatt.de\/wp-content\/uploads\/2013\/12\/DSCF2723-150x150.jpg\" srcset=\"https:\/\/www.tines-werkstatt.de\/wp-content\/uploads\/2013\/12\/DSCF2723-150x150.jpg 150w, https:\/\/www.tines-werkstatt.de\/wp-content\/uploads\/2013\/12\/DSCF2723-200x200.jpg 200w\" sizes=\"(max-width: 150px) 100vw, 150px\" \/><\/a> <a href=\"https:\/\/www.tines-werkstatt.de\/wp-content\/uploads\/2013\/12\/DSCF2724.jpg\"><img loading=\"lazy\" decoding=\"async\" width=\"150\" height=\"150\" class=\"aligncenter size-thumbnail wp-image-1099\" alt=\"DSCF2724\" src=\"https:\/\/www.tines-werkstatt.de\/wp-content\/uploads\/2013\/12\/DSCF2724-150x150.jpg\" srcset=\"https:\/\/www.tines-werkstatt.de\/wp-content\/uploads\/2013\/12\/DSCF2724-150x150.jpg 150w, https:\/\/www.tines-werkstatt.de\/wp-content\/uploads\/2013\/12\/DSCF2724-200x200.jpg 200w\" sizes=\"(max-width: 150px) 100vw, 150px\" \/><\/a><\/p>\n<p>Ich habe Fleece verwendet und als Fenster dient immer noch die Verpackung eines Spielballs. Diese ist nun jedoch endg\u00fcltig aufgebraucht. Das Inhaltsverzeichnis habe ich auf Stoff gedruckt und mit einer Einlage auf Fleece gen\u00e4ht. B\u00e4ndchen ran &#8211; fertig.&nbsp;Ich bin sehr gespannt, wie das neue Spielzeug ankommt.<\/p>\n<p>Bis bald, Tine :-)<\/p>\n","protected":false},"excerpt":{"rendered":"<p>Schon l\u00e4nger stehen auf meiner to-do-Liste der Werkstatt sog. I-spy-bags. Gesehen habe ich diese das erste Mal bei Kerstin von &#8222;Mit Nadel und Faden&#8220; in Form eines Wals. Da unser T\u00f6chterchen und ihr Cousin&#46;&#46;&#46;<\/p>\n","protected":false},"author":2,"featured_media":1097,"comment_status":"open","ping_status":"closed","sticky":false,"template":"","format":"standard","meta":{"footnotes":""},"categories":[62],"tags":[15,41,8,56],"class_list":["post-1096","post","type-post","status-publish","format-standard","has-post-thumbnail","hentry","category-handmade","tag-geschenke","tag-kinderkram","tag-nahen","tag-spielzeug"],"_links":{"self":[{"href":"https:\/\/www.tines-werkstatt.de\/index.php?rest_route=\/wp\/v2\/posts\/1096"}],"collection":[{"href":"https:\/\/www.tines-werkstatt.de\/index.php?rest_route=\/wp\/v2\/posts"}],"about":[{"href":"https:\/\/www.tines-werkstatt.de\/index.php?rest_route=\/wp\/v2\/types\/post"}],"author":[{"embeddable":true,"href":"https:\/\/www.tines-werkstatt.de\/index.php?rest_route=\/wp\/v2\/users\/2"}],"replies":[{"embeddable":true,"href":"https:\/\/www.tines-werkstatt.de\/index.php?rest_route=%2Fwp%2Fv2%2Fcomments&post=1096"}],"version-history":[{"count":2,"href":"https:\/\/www.tines-werkstatt.de\/index.php?rest_route=\/wp\/v2\/posts\/1096\/revisions"}],"predecessor-version":[{"id":1662,"href":"https:\/\/www.tines-werkstatt.de\/index.php?rest_route=\/wp\/v2\/posts\/1096\/revisions\/1662"}],"wp:featuredmedia":[{"embeddable":true,"href":"https:\/\/www.tines-werkstatt.de\/index.php?rest_route=\/wp\/v2\/media\/1097"}],"wp:attachment":[{"href":"https:\/\/www.tines-werkstatt.de\/index.php?rest_route=%2Fwp%2Fv2%2Fmedia&parent=1096"}],"wp:term":[{"taxonomy":"category","embeddable":true,"href":"https:\/\/www.tines-werkstatt.de\/index.php?rest_route=%2Fwp%2Fv2%2Fcategories&post=1096"},{"taxonomy":"post_tag","embeddable":true,"href":"https:\/\/www.tines-werkstatt.de\/index.php?rest_route=%2Fwp%2Fv2%2Ftags&post=1096"}],"curies":[{"name":"wp","href":"https:\/\/api.w.org\/{rel}","templated":true}]}}